{"id":3748,"date":"2021-07-07T12:47:38","date_gmt":"2021-07-07T12:47:38","guid":{"rendered":"https:\/\/www.promusicsmallorca.org\/nos-hemos-reunido-con-la-presidenta-de-les-illes-balears-francina-armengol\/"},"modified":"2021-07-07T12:47:38","modified_gmt":"2021-07-07T12:47:38","slug":"nos-hemos-reunido-con-la-presidenta-de-les-illes-balears-francina-armengol","status":"publish","type":"post","link":"https:\/\/www.promusicsmallorca.org\/es\/nos-hemos-reunido-con-la-presidenta-de-les-illes-balears-francina-armengol\/","title":{"rendered":"Nos hemos reunido con la presidenta de les Illes Balears, Francina Armengol"},"content":{"rendered":"<p>&nbsp;<\/p>\n<p><a href=\"https:\/\/i0.wp.com\/www.promusicsmallorca.org\/wp-content\/uploads\/2021\/07\/2021_7_7_2643400-scaled.jpg?ssl=1\"><img loading=\"lazy\" class=\"alignnone size-medium wp-image-3740\" src=\"https:\/\/i0.wp.com\/www.promusicsmallorca.org\/wp-content\/uploads\/2021\/07\/2021_7_7_2643400.jpg?resize=300%2C200&#038;ssl=1\" alt=\"\" width=\"300\" height=\"200\"  data-recalc-dims=\"1\"><\/a> <a href=\"https:\/\/i0.wp.com\/www.promusicsmallorca.org\/wp-content\/uploads\/2021\/07\/2021_7_7_2643410-scaled.jpg?ssl=1\"><img loading=\"lazy\" class=\"alignnone size-medium wp-image-3742\" src=\"https:\/\/i0.wp.com\/www.promusicsmallorca.org\/wp-content\/uploads\/2021\/07\/2021_7_7_2643410.jpg?resize=300%2C200&#038;ssl=1\" alt=\"\" width=\"300\" height=\"200\"  data-recalc-dims=\"1\"><\/a><\/p>\n<p>Desde ProM\u00fasics Mallorca seguimos trabajando d\u00eda a d\u00eda para mejorar la situaci\u00f3n de nuestro colectivo.<\/p>\n<p>Hoy nos hemos reunido con la presidenta de les Illes Balears, Francina Armengol, para trasladarle la problem\u00e1tica que sufre nuestro sector.<\/p>\n<p>La reuni\u00f3n ha sido muy constructiva y la Sra. Armengol se ha comprometido a tratar de resolver la precaria situaci\u00f3n del sector, para que exista una ayuda espec\u00edfica para las y los m\u00fasicos, un convenio que regularice cach\u00e9s dignos y derechos laborales y un descuento de residente en viajes de avi\u00f3n, para el asiento adicional del instrumento del artista, inexistente en estos momentos.<\/p>\n<p>Tambi\u00e9n se le ha trasladado otros temas a tratar y resolver, que se ir\u00e1n desarrollando.<\/p>\n<p><a href=\"https:\/\/i0.wp.com\/www.promusicsmallorca.org\/wp-content\/uploads\/2021\/07\/213184332_321350819620790_7996776232182406797_n.jpg?ssl=1\"><img loading=\"lazy\" class=\"alignnone size-medium wp-image-3744\" src=\"https:\/\/i0.wp.com\/www.promusicsmallorca.org\/wp-content\/uploads\/2021\/07\/213184332_321350819620790_7996776232182406797_n.jpg?resize=225%2C300&#038;ssl=1\" alt=\"\" width=\"225\" height=\"300\"  data-recalc-dims=\"1\"><\/a><\/p>\n","protected":false},"excerpt":{"rendered":"<p>&nbsp; Desde ProM\u00fasics Mallorca seguimos trabajando d\u00eda a d\u00eda para mejorar la situaci\u00f3n de nuestro colectivo. Hoy nos hemos reunido con la presidenta de les Illes Balears, Francina Armengol, para trasladarle la problem\u00e1tica que sufre nuestro sector. La reuni\u00f3n ha sido muy constructiva y la Sra. Armengol se ha comprometido a tratar de resolver la [&hellip;]<\/p>\n","protected":false},"author":1,"featured_media":3741,"comment_status":"closed","ping_status":"open","sticky":false,"template":"","format":"standard","meta":{"_et_pb_use_builder":"","_et_pb_old_content":"","_et_gb_content_width":""},"categories":[19],"tags":[],"jetpack_featured_media_url":"https:\/\/i0.wp.com\/www.promusicsmallorca.org\/wp-content\/uploads\/2021\/07\/2021_7_7_2643400-scaled.jpg?fit=2560%2C1708&ssl=1","yoast_head":"<!-- This site is optimized with the Yoast SEO Premium plugin v15.7 - https:\/\/yoast.com\/wordpress\/plugins\/seo\/ -->\n<title>Nos hemos reunido con la presidenta de les Illes Balears, Francina Armengol - ProM\u00fasics Mallorca<\/title>\n<meta name=\"robots\" content=\"noindex, follow\" \/>\n<meta property=\"og:locale\" content=\"es_ES\" \/>\n<meta property=\"og:type\" content=\"article\" \/>\n<meta property=\"og:title\" content=\"Nos hemos reunido con la presidenta de les Illes Balears, Francina Armengol - ProM\u00fasics Mallorca\" \/>\n<meta property=\"og:description\" content=\"&nbsp; Desde ProM\u00fasics Mallorca seguimos trabajando d\u00eda a d\u00eda para mejorar la situaci\u00f3n de nuestro colectivo. Hoy nos hemos reunido con la presidenta de les Illes Balears, Francina Armengol, para trasladarle la problem\u00e1tica que sufre nuestro sector. La reuni\u00f3n ha sido muy constructiva y la Sra. Armengol se ha comprometido a tratar de resolver la [&hellip;]\" \/>\n<meta property=\"og:url\" content=\"https:\/\/www.promusicsmallorca.org\/es\/nos-hemos-reunido-con-la-presidenta-de-les-illes-balears-francina-armengol\/\" \/>\n<meta property=\"og:site_name\" content=\"ProM\u00fasics Mallorca\" \/>\n<meta property=\"article:publisher\" content=\"https:\/\/www.facebook.com\/promusicsmallorca\" \/>\n<meta property=\"article:published_time\" content=\"2021-07-07T12:47:38+00:00\" \/>\n<meta property=\"og:image\" content=\"https:\/\/www.promusicsmallorca.org\/wp-content\/uploads\/2021\/07\/2021_7_7_2643400-300x200.jpg\" \/>\n<meta name=\"twitter:card\" content=\"summary_large_image\" \/>\n<meta name=\"twitter:label1\" content=\"Tiempo de lectura\">\n\t<meta name=\"twitter:data1\" content=\"1 minuto\">\n<script type=\"application\/ld+json\" class=\"yoast-schema-graph\">{\"@context\":\"https:\/\/schema.org\",\"@graph\":[{\"@type\":\"Organization\",\"@id\":\"https:\/\/www.promusicsmallorca.org\/#organization\",\"name\":\"ProM\\u00fasics Mallorca\",\"url\":\"https:\/\/www.promusicsmallorca.org\/\",\"sameAs\":[\"https:\/\/www.facebook.com\/promusicsmallorca\",\"https:\/\/www.instagram.com\/promusicsmallorca\/\",\"https:\/\/www.youtube.com\/channel\/UCWwttYA4JPovS2RZiGlHgpA\"],\"logo\":{\"@type\":\"ImageObject\",\"@id\":\"https:\/\/www.promusicsmallorca.org\/#logo\",\"inLanguage\":\"es\",\"url\":\"https:\/\/i0.wp.com\/www.promusicsmallorca.org\/wp-content\/uploads\/2021\/02\/image0.png?fit=10224%2C7725&ssl=1\",\"width\":10224,\"height\":7725,\"caption\":\"ProM\\u00fasics Mallorca\"},\"image\":{\"@id\":\"https:\/\/www.promusicsmallorca.org\/#logo\"}},{\"@type\":\"WebSite\",\"@id\":\"https:\/\/www.promusicsmallorca.org\/#website\",\"url\":\"https:\/\/www.promusicsmallorca.org\/\",\"name\":\"ProM\\u00fasics Mallorca\",\"description\":\"Associaci\\u00f3 de Professionals de la M\\u00fasica de Mallorca\",\"publisher\":{\"@id\":\"https:\/\/www.promusicsmallorca.org\/#organization\"},\"potentialAction\":[{\"@type\":\"SearchAction\",\"target\":\"https:\/\/www.promusicsmallorca.org\/?s={search_term_string}\",\"query-input\":\"required name=search_term_string\"}],\"inLanguage\":\"es\"},{\"@type\":\"ImageObject\",\"@id\":\"https:\/\/www.promusicsmallorca.org\/es\/nos-hemos-reunido-con-la-presidenta-de-les-illes-balears-francina-armengol\/#primaryimage\",\"inLanguage\":\"es\",\"url\":\"https:\/\/i0.wp.com\/www.promusicsmallorca.org\/wp-content\/uploads\/2021\/07\/2021_7_7_2643400-scaled.jpg?fit=2560%2C1708&ssl=1\",\"width\":2560,\"height\":1708},{\"@type\":\"WebPage\",\"@id\":\"https:\/\/www.promusicsmallorca.org\/es\/nos-hemos-reunido-con-la-presidenta-de-les-illes-balears-francina-armengol\/#webpage\",\"url\":\"https:\/\/www.promusicsmallorca.org\/es\/nos-hemos-reunido-con-la-presidenta-de-les-illes-balears-francina-armengol\/\",\"name\":\"Nos hemos reunido con la presidenta de les Illes Balears, Francina Armengol - ProM\\u00fasics Mallorca\",\"isPartOf\":{\"@id\":\"https:\/\/www.promusicsmallorca.org\/#website\"},\"primaryImageOfPage\":{\"@id\":\"https:\/\/www.promusicsmallorca.org\/es\/nos-hemos-reunido-con-la-presidenta-de-les-illes-balears-francina-armengol\/#primaryimage\"},\"datePublished\":\"2021-07-07T12:47:38+00:00\",\"dateModified\":\"2021-07-07T12:47:38+00:00\",\"inLanguage\":\"es\",\"potentialAction\":[{\"@type\":\"ReadAction\",\"target\":[\"https:\/\/www.promusicsmallorca.org\/es\/nos-hemos-reunido-con-la-presidenta-de-les-illes-balears-francina-armengol\/\"]}]},{\"@type\":\"Article\",\"@id\":\"https:\/\/www.promusicsmallorca.org\/es\/nos-hemos-reunido-con-la-presidenta-de-les-illes-balears-francina-armengol\/#article\",\"isPartOf\":{\"@id\":\"https:\/\/www.promusicsmallorca.org\/es\/nos-hemos-reunido-con-la-presidenta-de-les-illes-balears-francina-armengol\/#webpage\"},\"author\":{\"@id\":\"https:\/\/www.promusicsmallorca.org\/#\/schema\/person\/052ee353e708e1baf72faedb6ed32589\"},\"headline\":\"Nos hemos reunido con la presidenta de les Illes Balears, Francina Armengol\",\"datePublished\":\"2021-07-07T12:47:38+00:00\",\"dateModified\":\"2021-07-07T12:47:38+00:00\",\"mainEntityOfPage\":{\"@id\":\"https:\/\/www.promusicsmallorca.org\/es\/nos-hemos-reunido-con-la-presidenta-de-les-illes-balears-francina-armengol\/#webpage\"},\"publisher\":{\"@id\":\"https:\/\/www.promusicsmallorca.org\/#organization\"},\"image\":{\"@id\":\"https:\/\/www.promusicsmallorca.org\/es\/nos-hemos-reunido-con-la-presidenta-de-les-illes-balears-francina-armengol\/#primaryimage\"},\"articleSection\":\"Noticias\",\"inLanguage\":\"es\"},{\"@type\":\"Person\",\"@id\":\"https:\/\/www.promusicsmallorca.org\/#\/schema\/person\/052ee353e708e1baf72faedb6ed32589\",\"name\":\"ProM\\u00fasics\",\"sameAs\":[\"https:\/\/www.promusicsmallorca.org\"]}]}<\/script>\n<!-- \/ Yoast SEO Premium plugin. -->","jetpack_sharing_enabled":true,"jetpack_shortlink":"https:\/\/wp.me\/pc8VbC-Ys","_links":{"self":[{"href":"https:\/\/www.promusicsmallorca.org\/es\/wp-json\/wp\/v2\/posts\/3748"}],"collection":[{"href":"https:\/\/www.promusicsmallorca.org\/es\/wp-json\/wp\/v2\/posts"}],"about":[{"href":"https:\/\/www.promusicsmallorca.org\/es\/wp-json\/wp\/v2\/types\/post"}],"author":[{"embeddable":true,"href":"https:\/\/www.promusicsmallorca.org\/es\/wp-json\/wp\/v2\/users\/1"}],"replies":[{"embeddable":true,"href":"https:\/\/www.promusicsmallorca.org\/es\/wp-json\/wp\/v2\/comments?post=3748"}],"version-history":[{"count":0,"href":"https:\/\/www.promusicsmallorca.org\/es\/wp-json\/wp\/v2\/posts\/3748\/revisions"}],"wp:featuredmedia":[{"embeddable":true,"href":"https:\/\/www.promusicsmallorca.org\/es\/wp-json\/wp\/v2\/media\/3741"}],"wp:attachment":[{"href":"https:\/\/www.promusicsmallorca.org\/es\/wp-json\/wp\/v2\/media?parent=3748"}],"wp:term":[{"taxonomy":"category","embeddable":true,"href":"https:\/\/www.promusicsmallorca.org\/es\/wp-json\/wp\/v2\/categories?post=3748"},{"taxonomy":"post_tag","embeddable":true,"href":"https:\/\/www.promusicsmallorca.org\/es\/wp-json\/wp\/v2\/tags?post=3748"}],"curies":[{"name":"wp","href":"https:\/\/api.w.org\/{rel}","templated":true}]}}