{"id":310,"date":"2020-05-27T07:27:12","date_gmt":"2020-05-27T07:27:12","guid":{"rendered":"https:\/\/www.promusicsmallorca.org\/?p=310"},"modified":"2020-07-20T11:36:00","modified_gmt":"2020-07-20T11:36:00","slug":"prestacion","status":"publish","type":"post","link":"https:\/\/www.promusicsmallorca.org\/es\/prestacion\/","title":{"rendered":"Prestaci\u00f3n extraordinaria por desempleo para artistas"},"content":{"rendered":"\n[et_pb_section fb_built=\u00bb1&#8243; _builder_version=\u00bb3.22&#8243;][et_pb_row _builder_version=\u00bb3.25&#8243; background_size=\u00bbinitial\u00bb background_position=\u00bbtop_left\u00bb background_repeat=\u00bbrepeat\u00bb hover_enabled=\u00bb0&#8243; custom_margin=\u00bb-75px|auto||auto||\u00bb][et_pb_column type=\u00bb4_4&#8243; _builder_version=\u00bb3.25&#8243; custom_padding=\u00bb|||\u00bb custom_padding__hover=\u00bb|||\u00bb][et_pb_text _builder_version=\u00bb4.4.8&#8243; background_size=\u00bbinitial\u00bb background_position=\u00bbtop_left\u00bb background_repeat=\u00bbrepeat\u00bb custom_margin=\u00bb||-63px|||\u00bb]<p><!-- divi:paragraph --><\/p>\n<p style=\"margin-bottom: 0cm;\">Las reivindicaciones por parte de la Uni\u00f3n de M\u00fasicos Profesionales junto con otros colectivos de artistas han sido escuchadas y el Gobierno facilita el acceso a la prestaci\u00f3n extraordinaria por desempleo para artistas:<\/p>\n<p style=\"margin-bottom: 0cm;\">\u27a1No es necesario estar de alta ni alta asimilada en per\u00edodos de inactividad <br \/>\u27a1No es necesario presentar comprobante alguno de cancelaci\u00f3n <br \/>\u27a1 Es compatible con el trabajo por cuenta ajena o pr\u00f3pia d\u00e1ndose de alta para trabajar y luego de baja para seguir en la prestaci\u00f3n<br \/>\u27a1 Las peticiones pendientes se deber\u00e1n resolver conforme a los cambios y las denegadas podr\u00e1n volverse a solicitar.<\/p>\n<p style=\"margin-bottom: 0cm;\">\n<p style=\"margin-bottom: 0cm;\">Mostramos nuestro agradecimiento al Gobierno por reaccionar ante las trabas formales y de interpretaci\u00f3n de la norma y por escuchar a los artistas, con especial menci\u00f3n para el Ministerio de Cultura y Deporte con el Inaempleo y al Servicio P\u00fablico de Empleo Estatal SEPE por el esfuerzo que est\u00e1n realizando. <\/p>\n<p><!-- \/divi:paragraph --><\/p>[\/et_pb_text][\/et_pb_column][\/et_pb_row][et_pb_row _builder_version=\u00bb4.4.8&#8243;][et_pb_column _builder_version=\u00bb4.4.8&#8243; type=\u00bb4_4&#8243; hover_enabled=\u00bb0&#8243;][et_pb_image src=\u00bbhttps:\/\/www.promusicsmallorca.org\/wp-content\/uploads\/2020\/06\/unnamed-4.jpg\u00bb _builder_version=\u00bb4.4.8&#8243; title_text=\u00bbunnamed-4&#8243; hover_enabled=\u00bb0&#8243; custom_padding=\u00bb60px|||||\u00bb align=\u00bbcenter\u00bb][\/et_pb_image][\/et_pb_column][\/et_pb_row][\/et_pb_section]\n","protected":false},"excerpt":{"rendered":"<p>Las reivindicaciones por parte de la Uni\u00f3n de M\u00fasicos Profesionales junto con otros colectivos de artistas han sido escuchadas y el Gobierno facilita el acceso a la prestaci\u00f3n extraordinaria por desempleo para artistas: \u27a1No es necesario estar de alta ni alta asimilada en per\u00edodos de inactividad \u27a1No es necesario presentar comprobante alguno de cancelaci\u00f3n \u27a1 [&hellip;]<\/p>\n","protected":false},"author":1,"featured_media":445,"comment_status":"closed","ping_status":"open","sticky":false,"template":"","format":"standard","meta":{"_et_pb_use_builder":"on","_et_pb_old_content":"<!-- wp:paragraph -->\n<p>dbhjm,edgj,et,ety<\/p>\n<!-- \/wp:paragraph -->","_et_gb_content_width":"1080"},"categories":[19],"tags":[],"jetpack_featured_media_url":"https:\/\/i0.wp.com\/www.promusicsmallorca.org\/wp-content\/uploads\/2020\/06\/unnamed-4.jpg?fit=512%2C257&ssl=1","yoast_head":"<!-- This site is optimized with the Yoast SEO Premium plugin v15.7 - https:\/\/yoast.com\/wordpress\/plugins\/seo\/ -->\n<title>Prestaci\u00f3n extraordinaria por desempleo para artistas - ProM\u00fasics Mallorca<\/title>\n<meta name=\"robots\" content=\"noindex, follow\" \/>\n<meta property=\"og:locale\" content=\"es_ES\" \/>\n<meta property=\"og:type\" content=\"article\" \/>\n<meta property=\"og:title\" content=\"Prestaci\u00f3n extraordinaria por desempleo para artistas - ProM\u00fasics Mallorca\" \/>\n<meta property=\"og:description\" content=\"Las reivindicaciones por parte de la Uni\u00f3n de M\u00fasicos Profesionales junto con otros colectivos de artistas han sido escuchadas y el Gobierno facilita el acceso a la prestaci\u00f3n extraordinaria por desempleo para artistas: \u27a1No es necesario estar de alta ni alta asimilada en per\u00edodos de inactividad \u27a1No es necesario presentar comprobante alguno de cancelaci\u00f3n \u27a1 [&hellip;]\" \/>\n<meta property=\"og:url\" content=\"https:\/\/www.promusicsmallorca.org\/es\/prestacion\/\" \/>\n<meta property=\"og:site_name\" content=\"ProM\u00fasics Mallorca\" \/>\n<meta property=\"article:publisher\" content=\"https:\/\/www.facebook.com\/promusicsmallorca\" \/>\n<meta property=\"article:published_time\" content=\"2020-05-27T07:27:12+00:00\" \/>\n<meta property=\"article:modified_time\" content=\"2020-07-20T11:36:00+00:00\" \/>\n<meta property=\"og:image\" content=\"https:\/\/i0.wp.com\/www.promusicsmallorca.org\/wp-content\/uploads\/2020\/06\/unnamed-4.jpg?fit=512%2C257&#038;ssl=1\" \/>\n\t<meta property=\"og:image:width\" content=\"512\" \/>\n\t<meta property=\"og:image:height\" content=\"257\" \/>\n<meta name=\"twitter:card\" content=\"summary_large_image\" \/>\n<meta name=\"twitter:label1\" content=\"Tiempo de lectura\">\n\t<meta name=\"twitter:data1\" content=\"1 minuto\">\n<script type=\"application\/ld+json\" class=\"yoast-schema-graph\">{\"@context\":\"https:\/\/schema.org\",\"@graph\":[{\"@type\":\"Organization\",\"@id\":\"https:\/\/www.promusicsmallorca.org\/#organization\",\"name\":\"ProM\\u00fasics Mallorca\",\"url\":\"https:\/\/www.promusicsmallorca.org\/\",\"sameAs\":[\"https:\/\/www.facebook.com\/promusicsmallorca\",\"https:\/\/www.instagram.com\/promusicsmallorca\/\",\"https:\/\/www.youtube.com\/channel\/UCWwttYA4JPovS2RZiGlHgpA\"],\"logo\":{\"@type\":\"ImageObject\",\"@id\":\"https:\/\/www.promusicsmallorca.org\/#logo\",\"inLanguage\":\"es\",\"url\":\"https:\/\/i0.wp.com\/www.promusicsmallorca.org\/wp-content\/uploads\/2021\/02\/image0.png?fit=10224%2C7725&ssl=1\",\"width\":10224,\"height\":7725,\"caption\":\"ProM\\u00fasics Mallorca\"},\"image\":{\"@id\":\"https:\/\/www.promusicsmallorca.org\/#logo\"}},{\"@type\":\"WebSite\",\"@id\":\"https:\/\/www.promusicsmallorca.org\/#website\",\"url\":\"https:\/\/www.promusicsmallorca.org\/\",\"name\":\"ProM\\u00fasics Mallorca\",\"description\":\"Associaci\\u00f3 de Professionals de la M\\u00fasica de Mallorca\",\"publisher\":{\"@id\":\"https:\/\/www.promusicsmallorca.org\/#organization\"},\"potentialAction\":[{\"@type\":\"SearchAction\",\"target\":\"https:\/\/www.promusicsmallorca.org\/?s={search_term_string}\",\"query-input\":\"required name=search_term_string\"}],\"inLanguage\":\"es\"},{\"@type\":\"ImageObject\",\"@id\":\"https:\/\/www.promusicsmallorca.org\/es\/prestacion\/#primaryimage\",\"inLanguage\":\"es\",\"url\":\"https:\/\/i0.wp.com\/www.promusicsmallorca.org\/wp-content\/uploads\/2020\/06\/unnamed-4.jpg?fit=512%2C257&ssl=1\",\"width\":512,\"height\":257},{\"@type\":\"WebPage\",\"@id\":\"https:\/\/www.promusicsmallorca.org\/es\/prestacion\/#webpage\",\"url\":\"https:\/\/www.promusicsmallorca.org\/es\/prestacion\/\",\"name\":\"Prestaci\\u00f3n extraordinaria por desempleo para artistas - ProM\\u00fasics Mallorca\",\"isPartOf\":{\"@id\":\"https:\/\/www.promusicsmallorca.org\/#website\"},\"primaryImageOfPage\":{\"@id\":\"https:\/\/www.promusicsmallorca.org\/es\/prestacion\/#primaryimage\"},\"datePublished\":\"2020-05-27T07:27:12+00:00\",\"dateModified\":\"2020-07-20T11:36:00+00:00\",\"inLanguage\":\"es\",\"potentialAction\":[{\"@type\":\"ReadAction\",\"target\":[\"https:\/\/www.promusicsmallorca.org\/es\/prestacion\/\"]}]},{\"@type\":\"Article\",\"@id\":\"https:\/\/www.promusicsmallorca.org\/es\/prestacion\/#article\",\"isPartOf\":{\"@id\":\"https:\/\/www.promusicsmallorca.org\/es\/prestacion\/#webpage\"},\"author\":{\"@id\":\"https:\/\/www.promusicsmallorca.org\/#\/schema\/person\/052ee353e708e1baf72faedb6ed32589\"},\"headline\":\"Prestaci\\u00f3n extraordinaria por desempleo para artistas\",\"datePublished\":\"2020-05-27T07:27:12+00:00\",\"dateModified\":\"2020-07-20T11:36:00+00:00\",\"mainEntityOfPage\":{\"@id\":\"https:\/\/www.promusicsmallorca.org\/es\/prestacion\/#webpage\"},\"publisher\":{\"@id\":\"https:\/\/www.promusicsmallorca.org\/#organization\"},\"image\":{\"@id\":\"https:\/\/www.promusicsmallorca.org\/es\/prestacion\/#primaryimage\"},\"articleSection\":\"Noticias\",\"inLanguage\":\"es\"},{\"@type\":\"Person\",\"@id\":\"https:\/\/www.promusicsmallorca.org\/#\/schema\/person\/052ee353e708e1baf72faedb6ed32589\",\"name\":\"ProM\\u00fasics\",\"sameAs\":[\"https:\/\/www.promusicsmallorca.org\"]}]}<\/script>\n<!-- \/ Yoast SEO Premium plugin. -->","jetpack_sharing_enabled":true,"jetpack_shortlink":"https:\/\/wp.me\/pc8VbC-50","_links":{"self":[{"href":"https:\/\/www.promusicsmallorca.org\/es\/wp-json\/wp\/v2\/posts\/310"}],"collection":[{"href":"https:\/\/www.promusicsmallorca.org\/es\/wp-json\/wp\/v2\/posts"}],"about":[{"href":"https:\/\/www.promusicsmallorca.org\/es\/wp-json\/wp\/v2\/types\/post"}],"author":[{"embeddable":true,"href":"https:\/\/www.promusicsmallorca.org\/es\/wp-json\/wp\/v2\/users\/1"}],"replies":[{"embeddable":true,"href":"https:\/\/www.promusicsmallorca.org\/es\/wp-json\/wp\/v2\/comments?post=310"}],"version-history":[{"count":0,"href":"https:\/\/www.promusicsmallorca.org\/es\/wp-json\/wp\/v2\/posts\/310\/revisions"}],"wp:featuredmedia":[{"embeddable":true,"href":"https:\/\/www.promusicsmallorca.org\/es\/wp-json\/wp\/v2\/media\/445"}],"wp:attachment":[{"href":"https:\/\/www.promusicsmallorca.org\/es\/wp-json\/wp\/v2\/media?parent=310"}],"wp:term":[{"taxonomy":"category","embeddable":true,"href":"https:\/\/www.promusicsmallorca.org\/es\/wp-json\/wp\/v2\/categories?post=310"},{"taxonomy":"post_tag","embeddable":true,"href":"https:\/\/www.promusicsmallorca.org\/es\/wp-json\/wp\/v2\/tags?post=310"}],"curies":[{"name":"wp","href":"https:\/\/api.w.org\/{rel}","templated":true}]}}