{"id":2583,"date":"2021-02-20T10:58:20","date_gmt":"2021-02-20T10:58:20","guid":{"rendered":"https:\/\/www.promusicsmallorca.org\/?p=2583"},"modified":"2021-02-20T10:58:20","modified_gmt":"2021-02-20T10:58:20","slug":"cultura-del-govern-excluye-de-sus-ayudas-a-la-mayoria-de-artistas","status":"publish","type":"post","link":"https:\/\/www.promusicsmallorca.org\/es\/cultura-del-govern-excluye-de-sus-ayudas-a-la-mayoria-de-artistas\/","title":{"rendered":"Cultura del Govern excluye de sus ayudas a la mayor\u00eda de artistas"},"content":{"rendered":"<div class=\"bbnx-grid wrapper\">\n<div class=\"bbnx-grid-cell\">\n<div class=\"headline-article\">\n<h2 class=\"article-subtitle headline-article__subtitle\">Las tres asociaciones de m\u00fasicos de las islas reclaman subvenciones para los profesionales por cuenta ajena, el 80% del sector cultural<\/h2>\n<\/div>\n<div class=\"article-entry-author\">\n<article class=\"article-author\">\n<div class=\"signature article-author--margin\"><a class=\"news-author\" href=\"https:\/\/www.diariodemallorca.es\/autores\/raquel-galan.html\">Raquel Gal\u00e1n<\/a><\/div>\n<div class=\"signature\">\n<p class=\"article-author__meta-article\"><span class=\"article-author__local\"> Palma <\/span> | <span class=\"article-author__date\"> 20\u00b702\u00b721 <\/span> | <span class=\"article-author__hour\">01:00<\/span><\/p>\n<\/div>\n<\/article>\n<\/div>\n<\/div>\n<\/div>\n<div class=\"bbnx-grid wrapper\">\n<div class=\"row\">\n<div class=\"bbnx-grid-cell col-8 col-md-8 col-xs-12\">\n<div class=\"bbnx-module\">\n<article class=\"article-photo article-photo--full\">\n<div id=\"standard_1\" class=\"st-placement standard_1 inImage\">\n<div class=\"st-adunit st-reset st-show\"><\/div>\n<\/div>\n<picture class=\"image \"><img loading=\"lazy\" title=\"Cultura excluye de \nsus ayudas \na la mayor\u00eda de artistas\" src=\"https:\/\/i0.wp.com\/estaticos-cdn.prensaiberica.es\/clip\/cbdfc61b-152f-4cd7-9827-c8f74a94b2ba_16-9-discover-aspect-ratio_default_0.jpg?resize=1080%2C608&#038;ssl=1\" alt=\"Cultura excluye de \nsus ayudas \na la mayor\u00eda de artistas\" width=\"1080\" height=\"608\" data-recalc-dims=\"1\" \/><source srcset=\"https:\/\/estaticos-cdn.prensaiberica.es\/clip\/cbdfc61b-152f-4cd7-9827-c8f74a94b2ba_16-9-discover-aspect-ratio_default_0.jpg\" media=\"(max-width:  767px)\" \/><source srcset=\"https:\/\/estaticos-cdn.prensaiberica.es\/clip\/cbdfc61b-152f-4cd7-9827-c8f74a94b2ba_16-9-discover-aspect-ratio_75p_0.jpg\" media=\"(max-width: 1201px)\" \/><source srcset=\"https:\/\/estaticos-cdn.prensaiberica.es\/clip\/cbdfc61b-152f-4cd7-9827-c8f74a94b2ba_16-9-discover-aspect-ratio_default_0.jpg\" media=\"(max-width:  100vw)\" \/><\/picture>\n<p class=\"article-photo__footer\"><em>Cultura excluye de sus ayudas a la mayor\u00eda de artistas<\/em><\/p>\n<\/article>\n<div class=\"article-body \">\n<p class=\"article-body__text article-body__text--entry article-body__text-middle\">La<strong> Delegaci\u00f3n de Cultura del Govern<\/strong> excluye de sus ayudas a la mayor\u00eda de los artistas de las islas, es decir, a los<strong> profesionales por cuenta ajena<\/strong>, que suponen el 80% del sector. La nueva <strong>convocatoria auton\u00f3mica de subvenciones<\/strong> est\u00e1 dirigida a industrias culturales, entidades sin \u00e1nimo de lucro y trabajadores aut\u00f3nomos, pero no a contratados, que<strong> \u00abson la base y sin ellos no funciona la industria cultural\u00bb<\/strong>, como puso de relieve ayer la presidenta de ProM\u00fasics Mallorca, <strong>Isis Montero<\/strong>. Tanto esta asociaci\u00f3n como las de m\u00fasicos de Menorca y Eivissa reclaman al Ejecutivo balear que subsane las deficiencias del borrador que les enviaron la semana pasada y cree una l\u00ednea de ayudas destinada a artistas por cuenta ajena.<\/p>\n<p class=\"article-body__text \">Las tres entidades presentaron enmiendas a un documento que \u00abdeja totalmente fuera a quienes realmente hacen que el resto del motor cultural salga adelante\u00bb, en palabras de la portavoz. <strong>\u00abTres de cada cuatro m\u00fasicos de las islas no han podido trabajar desde el 31 de octubre de 2019\u00bb<\/strong>, sin contar otros colectivos de la base, todos ellos \u00abimprescindibles para que existan los promotores, agencias de espect\u00e1culos, t\u00e9cnicos y dem\u00e1s industria cultural\u00bb, seg\u00fan incidi\u00f3. Montero detall\u00f3 que la mayor\u00eda son contratados, no aut\u00f3nomos, por las caracter\u00edsticas de Balears, ya que \u00abno hay un circuito estable de programaci\u00f3n y viven sobre todo del sector tur\u00edstico\u00bb, al rev\u00e9s de lo que ocurre en la mayor\u00eda de lugares de la pen\u00ednsula.<\/p>\n<p class=\"article-body__text \">Cuando les llama una agencia de espect\u00e1culos para actuar en un hotel o una boda, por ejemplo, les dan de alta y de baja en un mismo d\u00eda en la Seguridad Social bajo el r\u00e9gimen de artista. En el caso de los contratos con ayuntamientos para conciertos o cualquier otro evento, lo habitual es que pidan una factura a los int\u00e9rpretes, que suelen darse de alta a trav\u00e9s de cooperativas destinadas a tal fin por la imposibilidad de pagar las cuotas para aut\u00f3nomos, se\u00f1al\u00f3 la presidenta de ProM\u00fasics. Peor lo han tenido aquellos contratados antes de la pandemia por caf\u00e9s concierto, a\u00f1adi\u00f3, debido a que<strong> \u00abmuchos lo hicieron mediante contratos de animador, camarero u otro del r\u00e9gimen general, no de artista, ya que al empresario le sale m\u00e1s barato; y solo un 15% de los m\u00fasicos pudieron acogerse a la prestaci\u00f3n extraordinaria de desempleo para los artistas\u00bb<\/strong>, tal como lament\u00f3.<\/p>\n<h2 class=\"article-body__ladillo\"><strong>\u00abDesesperaci\u00f3n\u00bb<\/strong><\/h2>\n<p class=\"article-body__text \">La representante de m\u00e1s de un centenar de asociados en la isla aport\u00f3 otros datos reveladores de la \u00absituaci\u00f3n dram\u00e1tica, de total desesperaci\u00f3n\u00bb que vive el sector, a quien<strong> \u00aburge un rescate ante la peor crisis de la historia\u00bb<\/strong>. Seg\u00fan un estudio a nivel estatal de la Uni\u00f3n de M\u00fasicos Profesionales, de la que forma parte ProM\u00fasics, tres de cada cuatro profesionales sufri\u00f3 en 2020 una reducci\u00f3n de ingresos de entre el 70% y el 100% respecto a 2019; y en julio, agosto y septiembre del a\u00f1o pasado, con algunas restricciones levantadas, <strong>\u00abuna cuarta parte sigui\u00f3 sin tener ning\u00fan concierto a la vista y casi dos tercios solo pudo realizar de uno a diez espect\u00e1culos, lo que supone una disminuci\u00f3n del 90% respecto a 2019\u00bb<\/strong>.<\/p>\n<p class=\"article-body__text \">Por todos estos motivos, los m\u00fasicos y el resto de artistas de las islas reclaman al Govern \u00abayudas accesibles y viables\u00bb. Y Montero pone como ejemplo las reci\u00e9n aprobadas en Catalu\u00f1a, donde <strong>\u00abotorgan un pago de 700 euros \u00fanicamente demostrando un alta en el r\u00e9gimen de artista\u00bb<\/strong>.<\/p>\n<div class=\"article-text-highlight\">\n<p><strong>LAS CIFRAS<\/strong><\/p>\n<p><strong>75%: Sin trabajo desde que se inici\u00f3 la temporada baja previa a la pandemia<\/strong><\/p>\n<p>Tres cuartas partes de los m\u00fasicos de Balears est\u00e1n sin trabajo desde que comenz\u00f3 la temporada baja de 2019, antes de la pandemia, ya que apenas hubo conciertos el pasado verano y contin\u00faan las restricciones de aforo y el cierre de negocios, como los hoteles y salas de eventos.<\/p>\n<p><strong>15%: Los beneficiados por la prestaci\u00f3n extraordinaria de desempleo para artistas<\/strong><\/p>\n<p>Un 15% de los m\u00fasicos\u00a0pudieron beneficiarse de la prestaci\u00f3n extraordinaria de desempleo para artistas, tal como se\u00f1ala ProM\u00fasics. El bajo porcentaje es debido a que numerosos empresarios les contratan con el r\u00e9gimen general, no el de artista, ya que les sale m\u00e1s barato, y de este modo pierden derechos.<\/p>\n<p><strong>700 \u20ac: El pago reci\u00e9n aprobado en Catalu\u00f1a para artistas, una ayuda \u00abaccesible y viable\u00bb<\/strong><\/p>\n<p>La asociaci\u00f3n de m\u00fasicos pide una ayuda \u00abaccesible y viable\u00bb, como por ejemplo el pago de 700 euros en Catalu\u00f1a \u00abdemostrando un alta en el r\u00e9gimen de artista\u00bb.<\/p>\n<p>Enlace: <a href=\"https:\/\/www.diariodemallorca.es\/cultura\/2021\/02\/20\/cultura-govern-excluye-ayudas-mayoria-35151083.html?fbclid=IwAR24sS_N7R_kFoctAwGhNIb9pH5GwZIqJ4OeiWOWUV9YeQ0CQjkBkZvyROk\" target=\"_blank\" rel=\"noopener\">Diario de Mallorca<\/a><\/p>\n<\/div>\n<\/div>\n<\/div>\n<\/div>\n<\/div>\n<\/div>\n","protected":false},"excerpt":{"rendered":"<p>Las tres asociaciones de m\u00fasicos de las islas reclaman subvenciones para los profesionales por cuenta ajena, el 80% del sector cultural Raquel Gal\u00e1n Palma | 20\u00b702\u00b721 | 01:00 Cultura excluye de sus ayudas a la mayor\u00eda de artistas La Delegaci\u00f3n de Cultura del Govern excluye de sus ayudas a la mayor\u00eda de los artistas de [&hellip;]<\/p>\n","protected":false},"author":1,"featured_media":2584,"comment_status":"closed","ping_status":"open","sticky":false,"template":"","format":"standard","meta":{"_et_pb_use_builder":"","_et_pb_old_content":"","_et_gb_content_width":""},"categories":[19],"tags":[],"jetpack_featured_media_url":"https:\/\/i0.wp.com\/www.promusicsmallorca.org\/wp-content\/uploads\/2021\/02\/cbdfc61b-152f-4cd7-9827-c8f74a94b2ba_16-9-discover-aspect-ratio_default_0.jpg?fit=1200%2C675&ssl=1","yoast_head":"<!-- This site is optimized with the Yoast SEO Premium plugin v15.7 - https:\/\/yoast.com\/wordpress\/plugins\/seo\/ -->\n<title>Cultura del Govern excluye de sus ayudas a la mayor\u00eda de artistas - ProM\u00fasics Mallorca<\/title>\n<meta name=\"robots\" content=\"noindex, follow\" \/>\n<meta property=\"og:locale\" content=\"es_ES\" \/>\n<meta property=\"og:type\" content=\"article\" \/>\n<meta property=\"og:title\" content=\"Cultura del Govern excluye de sus ayudas a la mayor\u00eda de artistas - ProM\u00fasics Mallorca\" \/>\n<meta property=\"og:description\" content=\"Las tres asociaciones de m\u00fasicos de las islas reclaman subvenciones para los profesionales por cuenta ajena, el 80% del sector cultural Raquel Gal\u00e1n Palma | 20\u00b702\u00b721 | 01:00 Cultura excluye de sus ayudas a la mayor\u00eda de artistas La Delegaci\u00f3n de Cultura del Govern excluye de sus ayudas a la mayor\u00eda de los artistas de [&hellip;]\" \/>\n<meta property=\"og:url\" content=\"https:\/\/www.promusicsmallorca.org\/es\/cultura-del-govern-excluye-de-sus-ayudas-a-la-mayoria-de-artistas\/\" \/>\n<meta property=\"og:site_name\" content=\"ProM\u00fasics Mallorca\" \/>\n<meta property=\"article:publisher\" content=\"https:\/\/www.facebook.com\/promusicsmallorca\" \/>\n<meta property=\"article:published_time\" content=\"2021-02-20T10:58:20+00:00\" \/>\n<meta property=\"og:image\" content=\"https:\/\/i0.wp.com\/www.promusicsmallorca.org\/wp-content\/uploads\/2021\/02\/cbdfc61b-152f-4cd7-9827-c8f74a94b2ba_16-9-discover-aspect-ratio_default_0.jpg?fit=1200%2C675&#038;ssl=1\" \/>\n\t<meta property=\"og:image:width\" content=\"1200\" \/>\n\t<meta property=\"og:image:height\" content=\"675\" \/>\n<meta name=\"twitter:card\" content=\"summary_large_image\" \/>\n<meta name=\"twitter:label1\" content=\"Tiempo de lectura\">\n\t<meta name=\"twitter:data1\" content=\"4 minutos\">\n<script type=\"application\/ld+json\" class=\"yoast-schema-graph\">{\"@context\":\"https:\/\/schema.org\",\"@graph\":[{\"@type\":\"Organization\",\"@id\":\"https:\/\/www.promusicsmallorca.org\/#organization\",\"name\":\"ProM\\u00fasics Mallorca\",\"url\":\"https:\/\/www.promusicsmallorca.org\/\",\"sameAs\":[\"https:\/\/www.facebook.com\/promusicsmallorca\",\"https:\/\/www.instagram.com\/promusicsmallorca\/\",\"https:\/\/www.youtube.com\/channel\/UCWwttYA4JPovS2RZiGlHgpA\"],\"logo\":{\"@type\":\"ImageObject\",\"@id\":\"https:\/\/www.promusicsmallorca.org\/#logo\",\"inLanguage\":\"es\",\"url\":\"https:\/\/i0.wp.com\/www.promusicsmallorca.org\/wp-content\/uploads\/2021\/02\/image0.png?fit=10224%2C7725&ssl=1\",\"width\":10224,\"height\":7725,\"caption\":\"ProM\\u00fasics Mallorca\"},\"image\":{\"@id\":\"https:\/\/www.promusicsmallorca.org\/#logo\"}},{\"@type\":\"WebSite\",\"@id\":\"https:\/\/www.promusicsmallorca.org\/#website\",\"url\":\"https:\/\/www.promusicsmallorca.org\/\",\"name\":\"ProM\\u00fasics Mallorca\",\"description\":\"Associaci\\u00f3 de Professionals de la M\\u00fasica de Mallorca\",\"publisher\":{\"@id\":\"https:\/\/www.promusicsmallorca.org\/#organization\"},\"potentialAction\":[{\"@type\":\"SearchAction\",\"target\":\"https:\/\/www.promusicsmallorca.org\/?s={search_term_string}\",\"query-input\":\"required name=search_term_string\"}],\"inLanguage\":\"es\"},{\"@type\":\"ImageObject\",\"@id\":\"https:\/\/www.promusicsmallorca.org\/es\/cultura-del-govern-excluye-de-sus-ayudas-a-la-mayoria-de-artistas\/#primaryimage\",\"inLanguage\":\"es\",\"url\":\"https:\/\/i0.wp.com\/www.promusicsmallorca.org\/wp-content\/uploads\/2021\/02\/cbdfc61b-152f-4cd7-9827-c8f74a94b2ba_16-9-discover-aspect-ratio_default_0.jpg?fit=1200%2C675&ssl=1\",\"width\":1200,\"height\":675},{\"@type\":\"WebPage\",\"@id\":\"https:\/\/www.promusicsmallorca.org\/es\/cultura-del-govern-excluye-de-sus-ayudas-a-la-mayoria-de-artistas\/#webpage\",\"url\":\"https:\/\/www.promusicsmallorca.org\/es\/cultura-del-govern-excluye-de-sus-ayudas-a-la-mayoria-de-artistas\/\",\"name\":\"Cultura del Govern excluye de sus ayudas a la mayor\\u00eda de artistas - ProM\\u00fasics Mallorca\",\"isPartOf\":{\"@id\":\"https:\/\/www.promusicsmallorca.org\/#website\"},\"primaryImageOfPage\":{\"@id\":\"https:\/\/www.promusicsmallorca.org\/es\/cultura-del-govern-excluye-de-sus-ayudas-a-la-mayoria-de-artistas\/#primaryimage\"},\"datePublished\":\"2021-02-20T10:58:20+00:00\",\"dateModified\":\"2021-02-20T10:58:20+00:00\",\"inLanguage\":\"es\",\"potentialAction\":[{\"@type\":\"ReadAction\",\"target\":[\"https:\/\/www.promusicsmallorca.org\/es\/cultura-del-govern-excluye-de-sus-ayudas-a-la-mayoria-de-artistas\/\"]}]},{\"@type\":\"Article\",\"@id\":\"https:\/\/www.promusicsmallorca.org\/es\/cultura-del-govern-excluye-de-sus-ayudas-a-la-mayoria-de-artistas\/#article\",\"isPartOf\":{\"@id\":\"https:\/\/www.promusicsmallorca.org\/es\/cultura-del-govern-excluye-de-sus-ayudas-a-la-mayoria-de-artistas\/#webpage\"},\"author\":{\"@id\":\"https:\/\/www.promusicsmallorca.org\/#\/schema\/person\/052ee353e708e1baf72faedb6ed32589\"},\"headline\":\"Cultura del Govern excluye de sus ayudas a la mayor\\u00eda de artistas\",\"datePublished\":\"2021-02-20T10:58:20+00:00\",\"dateModified\":\"2021-02-20T10:58:20+00:00\",\"mainEntityOfPage\":{\"@id\":\"https:\/\/www.promusicsmallorca.org\/es\/cultura-del-govern-excluye-de-sus-ayudas-a-la-mayoria-de-artistas\/#webpage\"},\"publisher\":{\"@id\":\"https:\/\/www.promusicsmallorca.org\/#organization\"},\"image\":{\"@id\":\"https:\/\/www.promusicsmallorca.org\/es\/cultura-del-govern-excluye-de-sus-ayudas-a-la-mayoria-de-artistas\/#primaryimage\"},\"articleSection\":\"Noticias\",\"inLanguage\":\"es\"},{\"@type\":\"Person\",\"@id\":\"https:\/\/www.promusicsmallorca.org\/#\/schema\/person\/052ee353e708e1baf72faedb6ed32589\",\"name\":\"ProM\\u00fasics\",\"sameAs\":[\"https:\/\/www.promusicsmallorca.org\"]}]}<\/script>\n<!-- \/ Yoast SEO Premium plugin. -->","jetpack_sharing_enabled":true,"jetpack_shortlink":"https:\/\/wp.me\/pc8VbC-FF","_links":{"self":[{"href":"https:\/\/www.promusicsmallorca.org\/es\/wp-json\/wp\/v2\/posts\/2583"}],"collection":[{"href":"https:\/\/www.promusicsmallorca.org\/es\/wp-json\/wp\/v2\/posts"}],"about":[{"href":"https:\/\/www.promusicsmallorca.org\/es\/wp-json\/wp\/v2\/types\/post"}],"author":[{"embeddable":true,"href":"https:\/\/www.promusicsmallorca.org\/es\/wp-json\/wp\/v2\/users\/1"}],"replies":[{"embeddable":true,"href":"https:\/\/www.promusicsmallorca.org\/es\/wp-json\/wp\/v2\/comments?post=2583"}],"version-history":[{"count":0,"href":"https:\/\/www.promusicsmallorca.org\/es\/wp-json\/wp\/v2\/posts\/2583\/revisions"}],"wp:featuredmedia":[{"embeddable":true,"href":"https:\/\/www.promusicsmallorca.org\/es\/wp-json\/wp\/v2\/media\/2584"}],"wp:attachment":[{"href":"https:\/\/www.promusicsmallorca.org\/es\/wp-json\/wp\/v2\/media?parent=2583"}],"wp:term":[{"taxonomy":"category","embeddable":true,"href":"https:\/\/www.promusicsmallorca.org\/es\/wp-json\/wp\/v2\/categories?post=2583"},{"taxonomy":"post_tag","embeddable":true,"href":"https:\/\/www.promusicsmallorca.org\/es\/wp-json\/wp\/v2\/tags?post=2583"}],"curies":[{"name":"wp","href":"https:\/\/api.w.org\/{rel}","templated":true}]}}