{"id":1696,"date":"2021-01-22T14:30:47","date_gmt":"2021-01-22T14:30:47","guid":{"rendered":"https:\/\/www.promusicsmallorca.org\/diario-de-mallorca-promusics-mallorca-pide-una-ayuda-especifica-urgente-para-el-sector-musical"},"modified":"2021-01-22T14:32:34","modified_gmt":"2021-01-22T14:32:34","slug":"diario-de-mallorca-promusics-mallorca-pide-una-ayuda-especifica-urgente-para-el-sector-musical","status":"publish","type":"post","link":"https:\/\/www.promusicsmallorca.org\/es\/diario-de-mallorca-promusics-mallorca-pide-una-ayuda-especifica-urgente-para-el-sector-musical\/","title":{"rendered":"Diario de Mallorca ProM\u00fasics Mallorca pide una ayuda espec\u00edfica urgente para el sector musical"},"content":{"rendered":"\n[et_pb_section fb_built=\u00bb1&#8243; _builder_version=\u00bb4.7.7&#8243; _module_preset=\u00bbdefault\u00bb][et_pb_row _builder_version=\u00bb4.7.7&#8243; _module_preset=\u00bbdefault\u00bb][et_pb_column _builder_version=\u00bb4.7.7&#8243; _module_preset=\u00bbdefault\u00bb type=\u00bb4_4&#8243;][et_pb_text _builder_version=\u00bb4.7.7&#8243; _module_preset=\u00bbdefault\u00bb hover_enabled=\u00bb0&#8243; sticky_enabled=\u00bb0&#8243; link_option_url=\u00bbhttps:\/\/www.diariodemallorca.es\/cultura\/2021\/01\/22\/promusics-mallorca-pide-ayuda-especifica-29960991.html\u00bb link_option_url_new_window=\u00bbon\u00bb custom_padding=\u00bb||0px|||\u00bb]<article class=\"article-author\">\n<div class=\"signature article-author--margin\"><a href=\"https:\/\/www.diariodemallorca.es\/autores\/m-elena-valles.html\" class=\"news-author\">M. Elena Vall\u00e9s<\/a><\/div>\n<div class=\"signature\">\n<p class=\"article-author__meta-article\"> <span class=\"article-author__local\"><span>Palma<\/span><\/span> | <span class=\"article-author__date\"> 22\u00b701\u00b721 <\/span> | <span class=\"article-author__hour\">01:02<\/span><\/p>\n<p class=\"article-author__meta-article\"><span class=\"article-author__hour\">ProM\u00fasics Mallorca, a trav\u00e9s de su presidenta Isis Montero, y en representaci\u00f3n de las asociaciones de m\u00fasicos profesionales de Mallorca, Eivissa y Menorca, se reuni\u00f3 ayer con la delegada de Cultura del Govern Catalina Solivellas. En el encuentro, le informaron de la situaci\u00f3n que est\u00e1n padeciendo las y los m\u00fasicos de las islas y solicitaron al departamento de Cultura que interceda para conseguir una ayuda espec\u00edfica con car\u00e1cter urgente para el sector musical. Las restricciones sanitarias y la pandemia han afectado de manera muy directa a los \u00e1mbitos culturales y de espect\u00e1culos, y han incidido directamente en el cierre de las salas donde act\u00faan los m\u00fasicos. <\/span><\/p>\n<p class=\"article-author__meta-article\"><span class=\"article-author__hour\"><\/span><\/p>\n<p class=\"article-author__meta-article\"><span class=\"article-author__hour\"><img loading=\"lazy\" src=\"https:\/\/i0.wp.com\/www.promusicsmallorca.org\/wp-content\/uploads\/2021\/01\/7d79ca41-22d9-49d2-a7ab-516e3e01e7af_16-9-aspect-ratio_default_0.jpg?resize=300%2C169&#038;ssl=1\" alt=\"\" class=\"wp-image-1687 alignnone size-medium\" width=\"300\" height=\"169\"  data-recalc-dims=\"1\"><\/span><\/p>\n<p class=\"article-photo__footer\"><em>Isis \u2018Apache\u2019 Montero.<\/em> \/ <span>Manu Mielniezuk<\/span><\/p>\n<p class=\"article-photo__footer\"><span><\/span><\/p>\n<p>https:\/\/www.diariodemallorca.es\/cultura\/2021\/01\/22\/promusics-mallorca-pide-ayuda-especifica-29960991.html<\/p>\n<\/div>\n<\/article>\n[\/et_pb_text][\/et_pb_column][\/et_pb_row][\/et_pb_section]\n","protected":false},"excerpt":{"rendered":"<p>M. Elena Vall\u00e9s Palma | 22\u00b701\u00b721 | 01:02 ProM\u00fasics Mallorca, a trav\u00e9s de su presidenta Isis Montero, y en representaci\u00f3n de las asociaciones de m\u00fasicos profesionales de Mallorca, Eivissa y Menorca, se reuni\u00f3 ayer con la delegada de Cultura del Govern Catalina Solivellas. En el encuentro, le informaron de la situaci\u00f3n que est\u00e1n padeciendo las [&hellip;]<\/p>\n","protected":false},"author":1,"featured_media":1688,"comment_status":"closed","ping_status":"open","sticky":false,"template":"","format":"standard","meta":{"_et_pb_use_builder":"on","_et_pb_old_content":"","_et_gb_content_width":"2880"},"categories":[19],"tags":[],"jetpack_featured_media_url":"https:\/\/i0.wp.com\/www.promusicsmallorca.org\/wp-content\/uploads\/2021\/01\/7d79ca41-22d9-49d2-a7ab-516e3e01e7af_16-9-aspect-ratio_default_0.jpg?fit=880%2C495&ssl=1","yoast_head":"<!-- This site is optimized with the Yoast SEO Premium plugin v15.7 - https:\/\/yoast.com\/wordpress\/plugins\/seo\/ -->\n<title>Diario de Mallorca ProM\u00fasics Mallorca pide una ayuda espec\u00edfica urgente para el sector musical - ProM\u00fasics Mallorca<\/title>\n<meta name=\"robots\" content=\"noindex, follow\" \/>\n<meta property=\"og:locale\" content=\"es_ES\" \/>\n<meta property=\"og:type\" content=\"article\" \/>\n<meta property=\"og:title\" content=\"Diario de Mallorca ProM\u00fasics Mallorca pide una ayuda espec\u00edfica urgente para el sector musical - ProM\u00fasics Mallorca\" \/>\n<meta property=\"og:description\" content=\"M. Elena Vall\u00e9s Palma | 22\u00b701\u00b721 | 01:02 ProM\u00fasics Mallorca, a trav\u00e9s de su presidenta Isis Montero, y en representaci\u00f3n de las asociaciones de m\u00fasicos profesionales de Mallorca, Eivissa y Menorca, se reuni\u00f3 ayer con la delegada de Cultura del Govern Catalina Solivellas. En el encuentro, le informaron de la situaci\u00f3n que est\u00e1n padeciendo las [&hellip;]\" \/>\n<meta property=\"og:url\" content=\"https:\/\/www.promusicsmallorca.org\/es\/diario-de-mallorca-promusics-mallorca-pide-una-ayuda-especifica-urgente-para-el-sector-musical\/\" \/>\n<meta property=\"og:site_name\" content=\"ProM\u00fasics Mallorca\" \/>\n<meta property=\"article:publisher\" content=\"https:\/\/www.facebook.com\/promusicsmallorca\" \/>\n<meta property=\"article:published_time\" content=\"2021-01-22T14:30:47+00:00\" \/>\n<meta property=\"article:modified_time\" content=\"2021-01-22T14:32:34+00:00\" \/>\n<meta property=\"og:image\" content=\"https:\/\/i0.wp.com\/www.promusicsmallorca.org\/wp-content\/uploads\/2021\/01\/7d79ca41-22d9-49d2-a7ab-516e3e01e7af_16-9-aspect-ratio_default_0.jpg?fit=880%2C495&#038;ssl=1\" \/>\n\t<meta property=\"og:image:width\" content=\"880\" \/>\n\t<meta property=\"og:image:height\" content=\"495\" \/>\n<meta name=\"twitter:card\" content=\"summary_large_image\" \/>\n<meta name=\"twitter:label1\" content=\"Tiempo de lectura\">\n\t<meta name=\"twitter:data1\" content=\"1 minuto\">\n<script type=\"application\/ld+json\" class=\"yoast-schema-graph\">{\"@context\":\"https:\/\/schema.org\",\"@graph\":[{\"@type\":\"Organization\",\"@id\":\"https:\/\/www.promusicsmallorca.org\/#organization\",\"name\":\"ProM\\u00fasics Mallorca\",\"url\":\"https:\/\/www.promusicsmallorca.org\/\",\"sameAs\":[\"https:\/\/www.facebook.com\/promusicsmallorca\",\"https:\/\/www.instagram.com\/promusicsmallorca\/\",\"https:\/\/www.youtube.com\/channel\/UCWwttYA4JPovS2RZiGlHgpA\"],\"logo\":{\"@type\":\"ImageObject\",\"@id\":\"https:\/\/www.promusicsmallorca.org\/#logo\",\"inLanguage\":\"es\",\"url\":\"https:\/\/i0.wp.com\/www.promusicsmallorca.org\/wp-content\/uploads\/2021\/02\/image0.png?fit=10224%2C7725&ssl=1\",\"width\":10224,\"height\":7725,\"caption\":\"ProM\\u00fasics Mallorca\"},\"image\":{\"@id\":\"https:\/\/www.promusicsmallorca.org\/#logo\"}},{\"@type\":\"WebSite\",\"@id\":\"https:\/\/www.promusicsmallorca.org\/#website\",\"url\":\"https:\/\/www.promusicsmallorca.org\/\",\"name\":\"ProM\\u00fasics Mallorca\",\"description\":\"Associaci\\u00f3 de Professionals de la M\\u00fasica de Mallorca\",\"publisher\":{\"@id\":\"https:\/\/www.promusicsmallorca.org\/#organization\"},\"potentialAction\":[{\"@type\":\"SearchAction\",\"target\":\"https:\/\/www.promusicsmallorca.org\/?s={search_term_string}\",\"query-input\":\"required name=search_term_string\"}],\"inLanguage\":\"es\"},{\"@type\":\"ImageObject\",\"@id\":\"https:\/\/www.promusicsmallorca.org\/es\/diario-de-mallorca-promusics-mallorca-pide-una-ayuda-especifica-urgente-para-el-sector-musical\/#primaryimage\",\"inLanguage\":\"es\",\"url\":\"https:\/\/i0.wp.com\/www.promusicsmallorca.org\/wp-content\/uploads\/2021\/01\/7d79ca41-22d9-49d2-a7ab-516e3e01e7af_16-9-aspect-ratio_default_0.jpg?fit=880%2C495&ssl=1\",\"width\":880,\"height\":495},{\"@type\":\"WebPage\",\"@id\":\"https:\/\/www.promusicsmallorca.org\/es\/diario-de-mallorca-promusics-mallorca-pide-una-ayuda-especifica-urgente-para-el-sector-musical\/#webpage\",\"url\":\"https:\/\/www.promusicsmallorca.org\/es\/diario-de-mallorca-promusics-mallorca-pide-una-ayuda-especifica-urgente-para-el-sector-musical\/\",\"name\":\"Diario de Mallorca ProM\\u00fasics Mallorca pide una ayuda espec\\u00edfica urgente para el sector musical - ProM\\u00fasics Mallorca\",\"isPartOf\":{\"@id\":\"https:\/\/www.promusicsmallorca.org\/#website\"},\"primaryImageOfPage\":{\"@id\":\"https:\/\/www.promusicsmallorca.org\/es\/diario-de-mallorca-promusics-mallorca-pide-una-ayuda-especifica-urgente-para-el-sector-musical\/#primaryimage\"},\"datePublished\":\"2021-01-22T14:30:47+00:00\",\"dateModified\":\"2021-01-22T14:32:34+00:00\",\"inLanguage\":\"es\",\"potentialAction\":[{\"@type\":\"ReadAction\",\"target\":[\"https:\/\/www.promusicsmallorca.org\/es\/diario-de-mallorca-promusics-mallorca-pide-una-ayuda-especifica-urgente-para-el-sector-musical\/\"]}]},{\"@type\":\"Article\",\"@id\":\"https:\/\/www.promusicsmallorca.org\/es\/diario-de-mallorca-promusics-mallorca-pide-una-ayuda-especifica-urgente-para-el-sector-musical\/#article\",\"isPartOf\":{\"@id\":\"https:\/\/www.promusicsmallorca.org\/es\/diario-de-mallorca-promusics-mallorca-pide-una-ayuda-especifica-urgente-para-el-sector-musical\/#webpage\"},\"author\":{\"@id\":\"https:\/\/www.promusicsmallorca.org\/#\/schema\/person\/052ee353e708e1baf72faedb6ed32589\"},\"headline\":\"Diario de Mallorca ProM\\u00fasics Mallorca pide una ayuda espec\\u00edfica urgente para el sector musical\",\"datePublished\":\"2021-01-22T14:30:47+00:00\",\"dateModified\":\"2021-01-22T14:32:34+00:00\",\"mainEntityOfPage\":{\"@id\":\"https:\/\/www.promusicsmallorca.org\/es\/diario-de-mallorca-promusics-mallorca-pide-una-ayuda-especifica-urgente-para-el-sector-musical\/#webpage\"},\"publisher\":{\"@id\":\"https:\/\/www.promusicsmallorca.org\/#organization\"},\"image\":{\"@id\":\"https:\/\/www.promusicsmallorca.org\/es\/diario-de-mallorca-promusics-mallorca-pide-una-ayuda-especifica-urgente-para-el-sector-musical\/#primaryimage\"},\"articleSection\":\"Noticias\",\"inLanguage\":\"es\"},{\"@type\":\"Person\",\"@id\":\"https:\/\/www.promusicsmallorca.org\/#\/schema\/person\/052ee353e708e1baf72faedb6ed32589\",\"name\":\"ProM\\u00fasics\",\"sameAs\":[\"https:\/\/www.promusicsmallorca.org\"]}]}<\/script>\n<!-- \/ Yoast SEO Premium plugin. -->","jetpack_sharing_enabled":true,"jetpack_shortlink":"https:\/\/wp.me\/pc8VbC-rm","_links":{"self":[{"href":"https:\/\/www.promusicsmallorca.org\/es\/wp-json\/wp\/v2\/posts\/1696"}],"collection":[{"href":"https:\/\/www.promusicsmallorca.org\/es\/wp-json\/wp\/v2\/posts"}],"about":[{"href":"https:\/\/www.promusicsmallorca.org\/es\/wp-json\/wp\/v2\/types\/post"}],"author":[{"embeddable":true,"href":"https:\/\/www.promusicsmallorca.org\/es\/wp-json\/wp\/v2\/users\/1"}],"replies":[{"embeddable":true,"href":"https:\/\/www.promusicsmallorca.org\/es\/wp-json\/wp\/v2\/comments?post=1696"}],"version-history":[{"count":0,"href":"https:\/\/www.promusicsmallorca.org\/es\/wp-json\/wp\/v2\/posts\/1696\/revisions"}],"wp:featuredmedia":[{"embeddable":true,"href":"https:\/\/www.promusicsmallorca.org\/es\/wp-json\/wp\/v2\/media\/1688"}],"wp:attachment":[{"href":"https:\/\/www.promusicsmallorca.org\/es\/wp-json\/wp\/v2\/media?parent=1696"}],"wp:term":[{"taxonomy":"category","embeddable":true,"href":"https:\/\/www.promusicsmallorca.org\/es\/wp-json\/wp\/v2\/categories?post=1696"},{"taxonomy":"post_tag","embeddable":true,"href":"https:\/\/www.promusicsmallorca.org\/es\/wp-json\/wp\/v2\/tags?post=1696"}],"curies":[{"name":"wp","href":"https:\/\/api.w.org\/{rel}","templated":true}]}}