{"id":1673,"date":"2021-01-21T10:00:00","date_gmt":"2021-01-21T10:00:00","guid":{"rendered":"https:\/\/www.promusicsmallorca.org\/?p=1673"},"modified":"2021-01-22T10:04:32","modified_gmt":"2021-01-22T10:04:32","slug":"promusics-mallorca-pide-una-ayuda-especifica-urgente-para-el-sector-musical","status":"publish","type":"post","link":"https:\/\/www.promusicsmallorca.org\/es\/promusics-mallorca-pide-una-ayuda-especifica-urgente-para-el-sector-musical\/","title":{"rendered":"ProM\u00fasics Mallorca pide una ayuda espec\u00edfica urgente para el sector musical"},"content":{"rendered":"<p>[et_pb_section fb_built=\u00bb1&#8243; _builder_version=\u00bb4.7.7&#8243; _module_preset=\u00bbdefault\u00bb][et_pb_row _builder_version=\u00bb4.7.7&#8243; _module_preset=\u00bbdefault\u00bb][et_pb_column type=\u00bb4_4&#8243; _builder_version=\u00bb4.7.7&#8243; _module_preset=\u00bbdefault\u00bb][et_pb_text _builder_version=\u00bb4.7.7&#8243; _module_preset=\u00bbdefault\u00bb hover_enabled=\u00bb0&#8243; sticky_enabled=\u00bb0&#8243;]<\/p>\n<p>Esta ma\u00f1ana nos hemos reunido, en representaci\u00f3n de las asociaciones de los m\u00fasicos profesionales de:<\/p>\n<p><strong>Mallorca (ProM\u00fasics Mallorca)<\/strong>, Ibiza (Associaci\u00f3 de M\u00fasics d\u2019Eivissa) y Menorca (Asociaci\u00f3n M\u00fasicos Menorca), con la Delegada de Cultura del Govern Balear Catalina Solivellas.<\/p>\n<p>En la reuni\u00f3n le hemos informado de la situaci\u00f3n que estamos sufriendo las y los m\u00fasicos de las islas y le hemos solicitado al departamento de Cultura que interceda para conseguir una ayuda espec\u00edfica con car\u00e1cter urgente para nuestro sector.<\/p>\n<p>&nbsp;<\/p>\n<p><img loading=\"lazy\" src=\"https:\/\/i0.wp.com\/www.promusicsmallorca.org\/wp-content\/uploads\/2021\/01\/WhatsApp-Image-2021-01-21-at-18.07.45.jpeg?resize=225%2C300&#038;ssl=1\" alt=\"\" class=\"wp-image-1674 alignnone size-medium\" style=\"display: block; margin-left: auto; margin-right: auto;\" width=\"225\" height=\"300\" data-recalc-dims=\"1\" \/><\/p>\n<p>[\/et_pb_text][\/et_pb_column][\/et_pb_row][\/et_pb_section]<\/p>\n","protected":false},"excerpt":{"rendered":"<p>Esta ma\u00f1ana nos hemos reunido, en representaci\u00f3n de las asociaciones de los m\u00fasicos profesionales de: Mallorca (ProM\u00fasics Mallorca), Ibiza (Associaci\u00f3 de M\u00fasics d\u2019Eivissa) y Menorca (Asociaci\u00f3n M\u00fasicos Menorca), con la Delegada de Cultura del Govern Balear Catalina Solivellas. En la reuni\u00f3n le hemos informado de la situaci\u00f3n que estamos sufriendo las y los m\u00fasicos de [&hellip;]<\/p>\n","protected":false},"author":1,"featured_media":1674,"comment_status":"closed","ping_status":"open","sticky":false,"template":"","format":"standard","meta":{"_et_pb_use_builder":"on","_et_pb_old_content":"","_et_gb_content_width":"2880"},"categories":[19],"tags":[],"jetpack_featured_media_url":"https:\/\/i0.wp.com\/www.promusicsmallorca.org\/wp-content\/uploads\/2021\/01\/WhatsApp-Image-2021-01-21-at-18.07.45.jpeg?fit=1200%2C1600&ssl=1","yoast_head":"<!-- This site is optimized with the Yoast SEO Premium plugin v15.7 - https:\/\/yoast.com\/wordpress\/plugins\/seo\/ -->\n<title>ProM\u00fasics Mallorca pide una ayuda espec\u00edfica urgente para el sector musical - ProM\u00fasics Mallorca<\/title>\n<meta name=\"robots\" content=\"noindex, follow\" \/>\n<meta property=\"og:locale\" content=\"es_ES\" \/>\n<meta property=\"og:type\" content=\"article\" \/>\n<meta property=\"og:title\" content=\"ProM\u00fasics Mallorca pide una ayuda espec\u00edfica urgente para el sector musical - ProM\u00fasics Mallorca\" \/>\n<meta property=\"og:description\" content=\"Esta ma\u00f1ana nos hemos reunido, en representaci\u00f3n de las asociaciones de los m\u00fasicos profesionales de: Mallorca (ProM\u00fasics Mallorca), Ibiza (Associaci\u00f3 de M\u00fasics d\u2019Eivissa) y Menorca (Asociaci\u00f3n M\u00fasicos Menorca), con la Delegada de Cultura del Govern Balear Catalina Solivellas. En la reuni\u00f3n le hemos informado de la situaci\u00f3n que estamos sufriendo las y los m\u00fasicos de [&hellip;]\" \/>\n<meta property=\"og:url\" content=\"https:\/\/www.promusicsmallorca.org\/es\/promusics-mallorca-pide-una-ayuda-especifica-urgente-para-el-sector-musical\/\" \/>\n<meta property=\"og:site_name\" content=\"ProM\u00fasics Mallorca\" \/>\n<meta property=\"article:publisher\" content=\"https:\/\/www.facebook.com\/promusicsmallorca\" \/>\n<meta property=\"article:published_time\" content=\"2021-01-21T10:00:00+00:00\" \/>\n<meta property=\"article:modified_time\" content=\"2021-01-22T10:04:32+00:00\" \/>\n<meta property=\"og:image\" content=\"https:\/\/i0.wp.com\/www.promusicsmallorca.org\/wp-content\/uploads\/2021\/01\/WhatsApp-Image-2021-01-21-at-18.07.45.jpeg?fit=1200%2C1600&#038;ssl=1\" \/>\n\t<meta property=\"og:image:width\" content=\"1200\" \/>\n\t<meta property=\"og:image:height\" content=\"1600\" \/>\n<meta name=\"twitter:card\" content=\"summary_large_image\" \/>\n<meta name=\"twitter:label1\" content=\"Tiempo de lectura\">\n\t<meta name=\"twitter:data1\" content=\"1 minuto\">\n<script type=\"application\/ld+json\" class=\"yoast-schema-graph\">{\"@context\":\"https:\/\/schema.org\",\"@graph\":[{\"@type\":\"Organization\",\"@id\":\"https:\/\/www.promusicsmallorca.org\/#organization\",\"name\":\"ProM\\u00fasics Mallorca\",\"url\":\"https:\/\/www.promusicsmallorca.org\/\",\"sameAs\":[\"https:\/\/www.facebook.com\/promusicsmallorca\",\"https:\/\/www.instagram.com\/promusicsmallorca\/\",\"https:\/\/www.youtube.com\/channel\/UCWwttYA4JPovS2RZiGlHgpA\"],\"logo\":{\"@type\":\"ImageObject\",\"@id\":\"https:\/\/www.promusicsmallorca.org\/#logo\",\"inLanguage\":\"es\",\"url\":\"https:\/\/i0.wp.com\/www.promusicsmallorca.org\/wp-content\/uploads\/2021\/02\/image0.png?fit=10224%2C7725&ssl=1\",\"width\":10224,\"height\":7725,\"caption\":\"ProM\\u00fasics Mallorca\"},\"image\":{\"@id\":\"https:\/\/www.promusicsmallorca.org\/#logo\"}},{\"@type\":\"WebSite\",\"@id\":\"https:\/\/www.promusicsmallorca.org\/#website\",\"url\":\"https:\/\/www.promusicsmallorca.org\/\",\"name\":\"ProM\\u00fasics Mallorca\",\"description\":\"Associaci\\u00f3 de Professionals de la M\\u00fasica de Mallorca\",\"publisher\":{\"@id\":\"https:\/\/www.promusicsmallorca.org\/#organization\"},\"potentialAction\":[{\"@type\":\"SearchAction\",\"target\":\"https:\/\/www.promusicsmallorca.org\/?s={search_term_string}\",\"query-input\":\"required name=search_term_string\"}],\"inLanguage\":\"es\"},{\"@type\":\"ImageObject\",\"@id\":\"https:\/\/www.promusicsmallorca.org\/es\/promusics-mallorca-pide-una-ayuda-especifica-urgente-para-el-sector-musical\/#primaryimage\",\"inLanguage\":\"es\",\"url\":\"https:\/\/i0.wp.com\/www.promusicsmallorca.org\/wp-content\/uploads\/2021\/01\/WhatsApp-Image-2021-01-21-at-18.07.45.jpeg?fit=1200%2C1600&ssl=1\",\"width\":1200,\"height\":1600},{\"@type\":\"WebPage\",\"@id\":\"https:\/\/www.promusicsmallorca.org\/es\/promusics-mallorca-pide-una-ayuda-especifica-urgente-para-el-sector-musical\/#webpage\",\"url\":\"https:\/\/www.promusicsmallorca.org\/es\/promusics-mallorca-pide-una-ayuda-especifica-urgente-para-el-sector-musical\/\",\"name\":\"ProM\\u00fasics Mallorca pide una ayuda espec\\u00edfica urgente para el sector musical - ProM\\u00fasics Mallorca\",\"isPartOf\":{\"@id\":\"https:\/\/www.promusicsmallorca.org\/#website\"},\"primaryImageOfPage\":{\"@id\":\"https:\/\/www.promusicsmallorca.org\/es\/promusics-mallorca-pide-una-ayuda-especifica-urgente-para-el-sector-musical\/#primaryimage\"},\"datePublished\":\"2021-01-21T10:00:00+00:00\",\"dateModified\":\"2021-01-22T10:04:32+00:00\",\"inLanguage\":\"es\",\"potentialAction\":[{\"@type\":\"ReadAction\",\"target\":[\"https:\/\/www.promusicsmallorca.org\/es\/promusics-mallorca-pide-una-ayuda-especifica-urgente-para-el-sector-musical\/\"]}]},{\"@type\":\"Article\",\"@id\":\"https:\/\/www.promusicsmallorca.org\/es\/promusics-mallorca-pide-una-ayuda-especifica-urgente-para-el-sector-musical\/#article\",\"isPartOf\":{\"@id\":\"https:\/\/www.promusicsmallorca.org\/es\/promusics-mallorca-pide-una-ayuda-especifica-urgente-para-el-sector-musical\/#webpage\"},\"author\":{\"@id\":\"https:\/\/www.promusicsmallorca.org\/#\/schema\/person\/052ee353e708e1baf72faedb6ed32589\"},\"headline\":\"ProM\\u00fasics Mallorca pide una ayuda espec\\u00edfica urgente para el sector musical\",\"datePublished\":\"2021-01-21T10:00:00+00:00\",\"dateModified\":\"2021-01-22T10:04:32+00:00\",\"mainEntityOfPage\":{\"@id\":\"https:\/\/www.promusicsmallorca.org\/es\/promusics-mallorca-pide-una-ayuda-especifica-urgente-para-el-sector-musical\/#webpage\"},\"publisher\":{\"@id\":\"https:\/\/www.promusicsmallorca.org\/#organization\"},\"image\":{\"@id\":\"https:\/\/www.promusicsmallorca.org\/es\/promusics-mallorca-pide-una-ayuda-especifica-urgente-para-el-sector-musical\/#primaryimage\"},\"articleSection\":\"Noticias\",\"inLanguage\":\"es\"},{\"@type\":\"Person\",\"@id\":\"https:\/\/www.promusicsmallorca.org\/#\/schema\/person\/052ee353e708e1baf72faedb6ed32589\",\"name\":\"ProM\\u00fasics\",\"sameAs\":[\"https:\/\/www.promusicsmallorca.org\"]}]}<\/script>\n<!-- \/ Yoast SEO Premium plugin. -->","jetpack_sharing_enabled":true,"jetpack_shortlink":"https:\/\/wp.me\/pc8VbC-qZ","_links":{"self":[{"href":"https:\/\/www.promusicsmallorca.org\/es\/wp-json\/wp\/v2\/posts\/1673"}],"collection":[{"href":"https:\/\/www.promusicsmallorca.org\/es\/wp-json\/wp\/v2\/posts"}],"about":[{"href":"https:\/\/www.promusicsmallorca.org\/es\/wp-json\/wp\/v2\/types\/post"}],"author":[{"embeddable":true,"href":"https:\/\/www.promusicsmallorca.org\/es\/wp-json\/wp\/v2\/users\/1"}],"replies":[{"embeddable":true,"href":"https:\/\/www.promusicsmallorca.org\/es\/wp-json\/wp\/v2\/comments?post=1673"}],"version-history":[{"count":0,"href":"https:\/\/www.promusicsmallorca.org\/es\/wp-json\/wp\/v2\/posts\/1673\/revisions"}],"wp:featuredmedia":[{"embeddable":true,"href":"https:\/\/www.promusicsmallorca.org\/es\/wp-json\/wp\/v2\/media\/1674"}],"wp:attachment":[{"href":"https:\/\/www.promusicsmallorca.org\/es\/wp-json\/wp\/v2\/media?parent=1673"}],"wp:term":[{"taxonomy":"category","embeddable":true,"href":"https:\/\/www.promusicsmallorca.org\/es\/wp-json\/wp\/v2\/categories?post=1673"},{"taxonomy":"post_tag","embeddable":true,"href":"https:\/\/www.promusicsmallorca.org\/es\/wp-json\/wp\/v2\/tags?post=1673"}],"curies":[{"name":"wp","href":"https:\/\/api.w.org\/{rel}","templated":true}]}}