{"id":1530,"date":"2020-12-02T13:45:08","date_gmt":"2020-12-02T13:45:08","guid":{"rendered":"https:\/\/www.promusicsmallorca.org\/?p=1530"},"modified":"2020-12-02T13:50:07","modified_gmt":"2020-12-02T13:50:07","slug":"ciclo-can-balaguer-intimusica","status":"publish","type":"post","link":"https:\/\/www.promusicsmallorca.org\/es\/ciclo-can-balaguer-intimusica\/","title":{"rendered":"Ciclo Can Balaguer \u00abIntim\u00fasica\u00bb"},"content":{"rendered":"\n[et_pb_section fb_built=\u00bb1&#8243; _builder_version=\u00bb4.5.5&#8243; _module_preset=\u00bbdefault\u00bb][et_pb_row _builder_version=\u00bb4.5.5&#8243; _module_preset=\u00bbdefault\u00bb hover_enabled=\u00bb0&#8243;][et_pb_column _builder_version=\u00bb4.5.5&#8243; _module_preset=\u00bbdefault\u00bb type=\u00bb4_4&#8243;][et_pb_image src=\u00bbhttps:\/\/www.promusicsmallorca.org\/wp-content\/uploads\/2020\/12\/WhatsApp-Image-2020-12-02-at-14.09.24.jpeg\u00bb _builder_version=\u00bb4.5.5&#8243; _module_preset=\u00bbdefault\u00bb title_text=\u00bbWhatsApp Image 2020-12-02 at 14.09.24&#8243; hover_enabled=\u00bb0&#8243;][\/et_pb_image][\/et_pb_column][\/et_pb_row][et_pb_row _builder_version=\u00bb4.5.5&#8243; _module_preset=\u00bbdefault\u00bb][et_pb_column type=\u00bb4_4&#8243; _builder_version=\u00bb4.5.5&#8243; _module_preset=\u00bbdefault\u00bb][et_pb_video src=\u00bbhttps:\/\/youtu.be\/n0UT4VOXHcA\u00bb _builder_version=\u00bb4.5.5&#8243; _module_preset=\u00bbdefault\u00bb][\/et_pb_video][\/et_pb_column][\/et_pb_row][et_pb_row _builder_version=\u00bb4.5.5&#8243; _module_preset=\u00bbdefault\u00bb][et_pb_column type=\u00bb4_4&#8243; _builder_version=\u00bb4.5.5&#8243; _module_preset=\u00bbdefault\u00bb][et_pb_text _builder_version=\u00bb4.5.5&#8243; _module_preset=\u00bbdefault\u00bb]<p>europapress<\/p>\n<h1 itemprop=\"headline\" class=\"titular\">Can Balaguer acoger\u00e1 el ciclo &#8216;Intim\u00fasica&#8217; del 3 al 19 de diciembre con siete conciertos de peque\u00f1o formato<\/h1>\n<p><a href=\"https:\/\/www.europapress.es\/illes-balears\/noticia-can-balaguer-acogera-ciclo-intimusica-19-diciembre-siete-conciertos-pequeno-formato-20201201113302.html\">https:\/\/www.europapress.es\/illes-balears\/noticia-can-balaguer-acogera-ciclo-intimusica-19-diciembre-siete-conciertos-pequeno-formato-20201201113302.html<\/a><\/p>[\/et_pb_text][\/et_pb_column][\/et_pb_row][et_pb_row _builder_version=\u00bb4.5.5&#8243; _module_preset=\u00bbdefault\u00bb][et_pb_column type=\u00bb4_4&#8243; _builder_version=\u00bb4.5.5&#8243; _module_preset=\u00bbdefault\u00bb][et_pb_text _builder_version=\u00bb4.5.5&#8243; _module_preset=\u00bbdefault\u00bb]<p>Diario de Mallorca<\/p>\n<h1 class=\"h1 headline-article__head\">Can Balaguer, escenario de conciertos de peque\u00f1o formato<\/h1>\n<p class=\"h1 headline-article__head\"><a href=\"https:\/\/www.diariodemallorca.es\/cultura\/2020\/12\/02\/can-balaguer-escenario-conciertos-pequeno-25832943.html\">https:\/\/www.diariodemallorca.es\/cultura\/2020\/12\/02\/can-balaguer-escenario-conciertos-pequeno-25832943.html<\/a><\/p>[\/et_pb_text][\/et_pb_column][\/et_pb_row][et_pb_row _builder_version=\u00bb4.5.5&#8243; _module_preset=\u00bbdefault\u00bb][et_pb_column type=\u00bb4_4&#8243; _builder_version=\u00bb4.5.5&#8243; _module_preset=\u00bbdefault\u00bb][et_pb_text _builder_version=\u00bb4.5.5&#8243; _module_preset=\u00bbdefault\u00bb]<p>ib3 Noticias<\/p>\n<h1 id=\"pr_titulo\" itemprop=\"headline\" class=\"titSingle font_XXXL font_darkgreen font_L_device\">Arriba \u2018Intim\u00fasica\u2019, un cicle de 7 concerts a Can Balaguer de Palma<\/h1>\n<p><a href=\"https:\/\/ib3.org\/arriba-intimusica-un-cicle-de-7-concerts-a-can-balaguer\">https:\/\/ib3.org\/arriba-intimusica-un-cicle-de-7-concerts-a-can-balaguer<\/a><\/p>[\/et_pb_text][\/et_pb_column][\/et_pb_row][et_pb_row _builder_version=\u00bb4.5.5&#8243; _module_preset=\u00bbdefault\u00bb][et_pb_column _builder_version=\u00bb4.5.5&#8243; _module_preset=\u00bbdefault\u00bb type=\u00bb4_4&#8243;][et_pb_image src=\u00bbhttps:\/\/www.promusicsmallorca.org\/wp-content\/uploads\/2020\/12\/WhatsApp-Image-2020-12-02-at-14.09.17.jpeg\u00bb _builder_version=\u00bb4.5.5&#8243; _module_preset=\u00bbdefault\u00bb title_text=\u00bbWhatsApp Image 2020-12-02 at 14.09.17&#8243; hover_enabled=\u00bb0&#8243;][\/et_pb_image][\/et_pb_column][\/et_pb_row][\/et_pb_section]\n","protected":false},"excerpt":{"rendered":"<p>europapress Can Balaguer acoger\u00e1 el ciclo &#8216;Intim\u00fasica&#8217; del 3 al 19 de diciembre con siete conciertos de peque\u00f1o formato https:\/\/www.europapress.es\/illes-balears\/noticia-can-balaguer-acogera-ciclo-intimusica-19-diciembre-siete-conciertos-pequeno-formato-20201201113302.htmlDiario de Mallorca Can Balaguer, escenario de conciertos de peque\u00f1o formato https:\/\/www.diariodemallorca.es\/cultura\/2020\/12\/02\/can-balaguer-escenario-conciertos-pequeno-25832943.htmlib3 Noticias Arriba \u2018Intim\u00fasica\u2019, un cicle de 7 concerts a Can Balaguer de Palma https:\/\/ib3.org\/arriba-intimusica-un-cicle-de-7-concerts-a-can-balaguer<\/p>\n","protected":false},"author":1,"featured_media":1541,"comment_status":"closed","ping_status":"open","sticky":false,"template":"","format":"standard","meta":{"_et_pb_use_builder":"on","_et_pb_old_content":"","_et_gb_content_width":"1080"},"categories":[19],"tags":[],"jetpack_featured_media_url":"https:\/\/i0.wp.com\/www.promusicsmallorca.org\/wp-content\/uploads\/2020\/12\/WhatsApp-Image-2020-12-02-at-14.09.24.jpeg?fit=968%2C1600&ssl=1","yoast_head":"<!-- This site is optimized with the Yoast SEO Premium plugin v15.7 - https:\/\/yoast.com\/wordpress\/plugins\/seo\/ -->\n<title>Ciclo Can Balaguer &quot;Intim\u00fasica&quot; - ProM\u00fasics Mallorca<\/title>\n<meta name=\"robots\" content=\"noindex, follow\" \/>\n<meta property=\"og:locale\" content=\"es_ES\" \/>\n<meta property=\"og:type\" content=\"article\" \/>\n<meta property=\"og:title\" content=\"Ciclo Can Balaguer &quot;Intim\u00fasica&quot; - ProM\u00fasics Mallorca\" \/>\n<meta property=\"og:description\" content=\"europapress Can Balaguer acoger\u00e1 el ciclo &#039;Intim\u00fasica&#039; del 3 al 19 de diciembre con siete conciertos de peque\u00f1o formato https:\/\/www.europapress.es\/illes-balears\/noticia-can-balaguer-acogera-ciclo-intimusica-19-diciembre-siete-conciertos-pequeno-formato-20201201113302.htmlDiario de Mallorca Can Balaguer, escenario de conciertos de peque\u00f1o formato https:\/\/www.diariodemallorca.es\/cultura\/2020\/12\/02\/can-balaguer-escenario-conciertos-pequeno-25832943.htmlib3 Noticias Arriba \u2018Intim\u00fasica\u2019, un cicle de 7 concerts a Can Balaguer de Palma https:\/\/ib3.org\/arriba-intimusica-un-cicle-de-7-concerts-a-can-balaguer\" \/>\n<meta property=\"og:url\" content=\"https:\/\/www.promusicsmallorca.org\/es\/ciclo-can-balaguer-intimusica\/\" \/>\n<meta property=\"og:site_name\" content=\"ProM\u00fasics Mallorca\" \/>\n<meta property=\"article:publisher\" content=\"https:\/\/www.facebook.com\/promusicsmallorca\" \/>\n<meta property=\"article:published_time\" content=\"2020-12-02T13:45:08+00:00\" \/>\n<meta property=\"article:modified_time\" content=\"2020-12-02T13:50:07+00:00\" \/>\n<meta property=\"og:image\" content=\"https:\/\/i0.wp.com\/www.promusicsmallorca.org\/wp-content\/uploads\/2020\/12\/WhatsApp-Image-2020-12-02-at-14.09.24.jpeg?fit=968%2C1600&#038;ssl=1\" \/>\n\t<meta property=\"og:image:width\" content=\"968\" \/>\n\t<meta property=\"og:image:height\" content=\"1600\" \/>\n<meta name=\"twitter:card\" content=\"summary_large_image\" \/>\n<meta name=\"twitter:label1\" content=\"Tiempo de lectura\">\n\t<meta name=\"twitter:data1\" content=\"2 minutos\">\n<script type=\"application\/ld+json\" class=\"yoast-schema-graph\">{\"@context\":\"https:\/\/schema.org\",\"@graph\":[{\"@type\":\"Organization\",\"@id\":\"https:\/\/www.promusicsmallorca.org\/#organization\",\"name\":\"ProM\\u00fasics Mallorca\",\"url\":\"https:\/\/www.promusicsmallorca.org\/\",\"sameAs\":[\"https:\/\/www.facebook.com\/promusicsmallorca\",\"https:\/\/www.instagram.com\/promusicsmallorca\/\",\"https:\/\/www.youtube.com\/channel\/UCWwttYA4JPovS2RZiGlHgpA\"],\"logo\":{\"@type\":\"ImageObject\",\"@id\":\"https:\/\/www.promusicsmallorca.org\/#logo\",\"inLanguage\":\"es\",\"url\":\"https:\/\/i0.wp.com\/www.promusicsmallorca.org\/wp-content\/uploads\/2021\/02\/image0.png?fit=10224%2C7725&ssl=1\",\"width\":10224,\"height\":7725,\"caption\":\"ProM\\u00fasics Mallorca\"},\"image\":{\"@id\":\"https:\/\/www.promusicsmallorca.org\/#logo\"}},{\"@type\":\"WebSite\",\"@id\":\"https:\/\/www.promusicsmallorca.org\/#website\",\"url\":\"https:\/\/www.promusicsmallorca.org\/\",\"name\":\"ProM\\u00fasics Mallorca\",\"description\":\"Associaci\\u00f3 de Professionals de la M\\u00fasica de Mallorca\",\"publisher\":{\"@id\":\"https:\/\/www.promusicsmallorca.org\/#organization\"},\"potentialAction\":[{\"@type\":\"SearchAction\",\"target\":\"https:\/\/www.promusicsmallorca.org\/?s={search_term_string}\",\"query-input\":\"required name=search_term_string\"}],\"inLanguage\":\"es\"},{\"@type\":\"ImageObject\",\"@id\":\"https:\/\/www.promusicsmallorca.org\/es\/ciclo-can-balaguer-intimusica\/#primaryimage\",\"inLanguage\":\"es\",\"url\":\"https:\/\/i0.wp.com\/www.promusicsmallorca.org\/wp-content\/uploads\/2020\/12\/WhatsApp-Image-2020-12-02-at-14.09.24.jpeg?fit=968%2C1600&ssl=1\",\"width\":968,\"height\":1600},{\"@type\":\"WebPage\",\"@id\":\"https:\/\/www.promusicsmallorca.org\/es\/ciclo-can-balaguer-intimusica\/#webpage\",\"url\":\"https:\/\/www.promusicsmallorca.org\/es\/ciclo-can-balaguer-intimusica\/\",\"name\":\"Ciclo Can Balaguer \\\"Intim\\u00fasica\\\" - ProM\\u00fasics Mallorca\",\"isPartOf\":{\"@id\":\"https:\/\/www.promusicsmallorca.org\/#website\"},\"primaryImageOfPage\":{\"@id\":\"https:\/\/www.promusicsmallorca.org\/es\/ciclo-can-balaguer-intimusica\/#primaryimage\"},\"datePublished\":\"2020-12-02T13:45:08+00:00\",\"dateModified\":\"2020-12-02T13:50:07+00:00\",\"inLanguage\":\"es\",\"potentialAction\":[{\"@type\":\"ReadAction\",\"target\":[\"https:\/\/www.promusicsmallorca.org\/es\/ciclo-can-balaguer-intimusica\/\"]}]},{\"@type\":\"Article\",\"@id\":\"https:\/\/www.promusicsmallorca.org\/es\/ciclo-can-balaguer-intimusica\/#article\",\"isPartOf\":{\"@id\":\"https:\/\/www.promusicsmallorca.org\/es\/ciclo-can-balaguer-intimusica\/#webpage\"},\"author\":{\"@id\":\"https:\/\/www.promusicsmallorca.org\/#\/schema\/person\/052ee353e708e1baf72faedb6ed32589\"},\"headline\":\"Ciclo Can Balaguer \\u00abIntim\\u00fasica\\u00bb\",\"datePublished\":\"2020-12-02T13:45:08+00:00\",\"dateModified\":\"2020-12-02T13:50:07+00:00\",\"mainEntityOfPage\":{\"@id\":\"https:\/\/www.promusicsmallorca.org\/es\/ciclo-can-balaguer-intimusica\/#webpage\"},\"publisher\":{\"@id\":\"https:\/\/www.promusicsmallorca.org\/#organization\"},\"image\":{\"@id\":\"https:\/\/www.promusicsmallorca.org\/es\/ciclo-can-balaguer-intimusica\/#primaryimage\"},\"articleSection\":\"Noticias\",\"inLanguage\":\"es\"},{\"@type\":\"Person\",\"@id\":\"https:\/\/www.promusicsmallorca.org\/#\/schema\/person\/052ee353e708e1baf72faedb6ed32589\",\"name\":\"ProM\\u00fasics\",\"sameAs\":[\"https:\/\/www.promusicsmallorca.org\"]}]}<\/script>\n<!-- \/ Yoast SEO Premium plugin. -->","jetpack_sharing_enabled":true,"jetpack_shortlink":"https:\/\/wp.me\/pc8VbC-oG","_links":{"self":[{"href":"https:\/\/www.promusicsmallorca.org\/es\/wp-json\/wp\/v2\/posts\/1530"}],"collection":[{"href":"https:\/\/www.promusicsmallorca.org\/es\/wp-json\/wp\/v2\/posts"}],"about":[{"href":"https:\/\/www.promusicsmallorca.org\/es\/wp-json\/wp\/v2\/types\/post"}],"author":[{"embeddable":true,"href":"https:\/\/www.promusicsmallorca.org\/es\/wp-json\/wp\/v2\/users\/1"}],"replies":[{"embeddable":true,"href":"https:\/\/www.promusicsmallorca.org\/es\/wp-json\/wp\/v2\/comments?post=1530"}],"version-history":[{"count":0,"href":"https:\/\/www.promusicsmallorca.org\/es\/wp-json\/wp\/v2\/posts\/1530\/revisions"}],"wp:featuredmedia":[{"embeddable":true,"href":"https:\/\/www.promusicsmallorca.org\/es\/wp-json\/wp\/v2\/media\/1541"}],"wp:attachment":[{"href":"https:\/\/www.promusicsmallorca.org\/es\/wp-json\/wp\/v2\/media?parent=1530"}],"wp:term":[{"taxonomy":"category","embeddable":true,"href":"https:\/\/www.promusicsmallorca.org\/es\/wp-json\/wp\/v2\/categories?post=1530"},{"taxonomy":"post_tag","embeddable":true,"href":"https:\/\/www.promusicsmallorca.org\/es\/wp-json\/wp\/v2\/tags?post=1530"}],"curies":[{"name":"wp","href":"https:\/\/api.w.org\/{rel}","templated":true}]}}