{"id":1332,"date":"2020-08-06T10:48:25","date_gmt":"2020-08-06T10:48:25","guid":{"rendered":"https:\/\/www.promusicsmallorca.org\/?p=1332"},"modified":"2020-09-04T10:49:48","modified_gmt":"2020-09-04T10:49:48","slug":"entrevista-ultima-hora-cultura-y-espectaculos","status":"publish","type":"post","link":"https:\/\/www.promusicsmallorca.org\/es\/entrevista-ultima-hora-cultura-y-espectaculos\/","title":{"rendered":"Entrevista Ultima Hora, Cultura y Espectaculos"},"content":{"rendered":"\n[et_pb_section fb_built=\u00bb1&#8243; _builder_version=\u00bb4.5.5&#8243; _module_preset=\u00bbdefault\u00bb][et_pb_row _builder_version=\u00bb4.5.5&#8243; _module_preset=\u00bbdefault\u00bb][et_pb_column type=\u00bb4_4&#8243; _builder_version=\u00bb4.5.5&#8243; _module_preset=\u00bbdefault\u00bb][et_pb_text _builder_version=\u00bb4.5.5&#8243; _module_preset=\u00bbdefault\u00bb hover_enabled=\u00bb0&#8243;]<h3 style=\"text-align: center;\">CULTURA Y ESPECT\u00c1CULOS<\/h3>\n<p>&nbsp;<\/p>\n<p><em>M\u00fasica. Este nuevo colectivo se present\u00f3 ayer en sociedad en una rueda de prensa que estuvo marcada por la reivindicaci\u00f3n de mejoras en el mundo de la m\u00fasica. Demandar\u00e1 \u201cestablecer un cach\u00e9 m\u00ednimo\u201d.<\/em><\/p>\n<p><em>\u00a0<img loading=\"lazy\" src=\"https:\/\/i0.wp.com\/www.promusicsmallorca.org\/wp-content\/uploads\/2020\/09\/col.jpg?resize=300%2C156&#038;ssl=1\" alt=\"\" class=\"wp-image-1339 alignnone size-medium\" style=\"display: block; margin-left: auto; margin-right: auto;\" width=\"300\" height=\"156\" data-recalc-dims=\"1\" \/><\/em><\/p>\n<p style=\"text-align: center;\"><em>Miembros del colectivo, presidido por Isis \u2018Apache\u2019 Montero -de verde-, ayer en el hotel Saratoga. Fotos P. Bota<\/em><\/p>\n<p><strong>ProM\u00fasics Mallorca surge para \u201ccrear un marco de seguridad para el artista\u201d.<\/strong><\/p>\n<p>Esta asociaci\u00f3n, sin \u00e1nimo de lucro, est\u00e1 integrada por profesionales de la m\u00fasica y su objetivo es la lucha contra la precariedad laboral en este sector.<\/p>\n<p>Xavi Sol\u00e0. PALMA<\/p>\n<p>El hotel Saratoga de Palma alberg\u00f3 ayer la presentaci\u00f3n de la plataforma ProM\u00fasics Mallorca, una asociaci\u00f3n sin \u00e1nimo de lucro que irrumpe para representar a los profesionales del sector y luchar contra su precariedad laboral. El proyecto, que aspira a modificar, ampliar y mejorar el actual marco legislativo para adecuarse a las necesidades de los m\u00fasicos, cuenta ya con 33 socios desde que se puso en marcha hace apenas dos meses.<\/p>\n<p>\u201cEn este tiempo nos hemos encontrado con mucha gente que nos llama y muestra su inter\u00e9s pero se encuentra en un momento econ\u00f3mico delicado y no puede hacer frente ni a los 30 euros de la cuota\u201d. De este modo, Isis \u2018Apache\u2019 Montero, presidenta de ProM\u00fasics Mallorca, denuncia la precaria situaci\u00f3n de un gremio que \u201cest\u00e1 parado porque no hay conciertos y, ya se sabe, m\u00fasico que no toca, m\u00fasico que no come\u201d. Avisa que \u201chemos pedido que se active la m\u00fasica, tanto para que los profesionales puedan trabajar, como para que el p\u00fablico pueda divertirse\u201d.<br \/> Desir\u00e9e Dur\u00e1n, secretaria y tesorera de la asociaci\u00f3n, insta a apuntarse \u201ca trav\u00e9s de la web de ProM\u00fasics Mallorca a cualquiera que tenga inter\u00e9s en esta actividad cultural, sea o no m\u00fasico\u201d.<br \/> El acto, que estuvo precedido por un concierto en el que una parte de la junta directiva interpret\u00f3 est\u00e1ndares de jazz, prosigui\u00f3 con la participaci\u00f3n de Pep Estrada, el vicepresidente. El m\u00fasico dej\u00f3 patente su voluntad de \u201cconseguir condiciones dignas para los artistas\u201d, pero record\u00f3 que \u201csin la uni\u00f3n de todos, sin una conciencia colectiva, ser\u00e1 m\u00e1s dif\u00edcil\u201d. A su juicio, es necesario \u201ccrear un marco de seguridad para artistas\u201d, en especial desde que la \u201ccrisis ha dejado al descubierto nuestra precariedad\u201d.<\/p>\n<p><strong>Cach\u00e9 m\u00ednimo<\/strong><br \/> Entre el paquete de medidas que trasladar\u00e1n a las autoridades se valora \u201cestablecer un cach\u00e9 m\u00ednimo. Entiendo que es dif\u00edcil, hay uno pero no se aplica y hay que luchar para conseguirlo\u201d. Asimismo, Estrada se\u00f1ala que \u201cqueremos colaborar con los ayuntamientos para que cedan m\u00e1s espacio a la cultura, adem\u00e1s de las salas y teatros estar\u00eda bien que facilitaran el acceso a bares y a otros espacios. Es necesario que nos incluyan en el tejido cultural de la Isla\u201d. A la hora de reclamar el papel cultural de la m\u00fasica, Estrada reivindica que \u201cuna verbena es cultura y tambi\u00e9n genera beneficios\u201d.<br \/> Ignasi Sim\u00f3-Orp\u00ed, vocal de ProM\u00fasics Mallorca, va m\u00e1s all\u00e1 y aboga por \u201ccubrir todas las necesidades de los m\u00fasicos, incluso conseguir seguros para sus instrumentos\u201d. A su vez, subraya la necesidad de definir \u201cel marco que ocupa esta profesi\u00f3n en la Seguridad Social, ya que existe un vac\u00edo y no saben exactamente d\u00f3nde meter al m\u00fasico. En este sentido, queremos proponer un pago de aut\u00f3nomo m\u00e1s flexible\u201d.<br \/> En la columna de peticiones, destaca la promesa de arrancar \u201cun convenio con empresas de transporte y hoteles para que sea m\u00e1s barato, o incluso, gratis para los m\u00fasicos viajar y alojarse.<\/p>\n<p><strong>Reuni\u00f3n<\/strong><br \/> Sim\u00f3-Orp\u00ed adelant\u00f3 que hubo feeling en la reuni\u00f3n que la asociaci\u00f3n sostuvo con representantes de Cort. \u201cNos atendieron muy bien, dijeron que estaban contentos porque hac\u00eda falta un interlocutor entre m\u00fasicos y administraci\u00f3n\u201d. En dicha reuni\u00f3n, ProM\u00fasics Mallorca propuso un ciclo de conciertos \u201cque en este momento no es factible, pero qued\u00f3 aparcado\u201d.<br \/> La constituci\u00f3n de esta asociaci\u00f3n culmina un hito importante, puesto que es la primera vez que los m\u00fasicos profesionales se unen para trabajar conjuntamente en pos de encontrar una regulaci\u00f3n que refleje la realidad del sector musical.<\/p>\n<p>&nbsp;<\/p>\n<p style=\"text-align: center;\">Isis \u2018Apache\u2019 Montero y Desir\u00e9e Dur\u00e1n interpretaros est\u00e1ndares de jazz.<\/p>\n<p><img loading=\"lazy\" src=\"https:\/\/i0.wp.com\/www.promusicsmallorca.org\/wp-content\/uploads\/2020\/09\/desisi.jpg?resize=300%2C142&#038;ssl=1\" alt=\"\" class=\"wp-image-1335 alignnone size-medium\" style=\"display: block; margin-left: auto; margin-right: auto;\" width=\"300\" height=\"142\" srcset=\"https:\/\/i0.wp.com\/www.promusicsmallorca.org\/wp-content\/uploads\/2020\/09\/desisi.jpg?resize=300%2C142&amp;ssl=1 300w, https:\/\/i0.wp.com\/www.promusicsmallorca.org\/wp-content\/uploads\/2020\/09\/desisi.jpg?resize=64%2C30&amp;ssl=1 64w, https:\/\/i0.wp.com\/www.promusicsmallorca.org\/wp-content\/uploads\/2020\/09\/desisi.jpg?w=479&amp;ssl=1 479w\" sizes=\"(max-width: 300px) 100vw, 300px\" data-recalc-dims=\"1\" \/><\/p>\n[\/et_pb_text][\/et_pb_column][\/et_pb_row][\/et_pb_section]\n","protected":false},"excerpt":{"rendered":"<p>CULTURA Y ESPECT\u00c1CULOS &nbsp; M\u00fasica. Este nuevo colectivo se present\u00f3 ayer en sociedad en una rueda de prensa que estuvo marcada por la reivindicaci\u00f3n de mejoras en el mundo de la m\u00fasica. Demandar\u00e1 \u201cestablecer un cach\u00e9 m\u00ednimo\u201d. \u00a0 Miembros del colectivo, presidido por Isis \u2018Apache\u2019 Montero -de verde-, ayer en el hotel Saratoga. Fotos P. [&hellip;]<\/p>\n","protected":false},"author":1,"featured_media":1342,"comment_status":"closed","ping_status":"open","sticky":false,"template":"","format":"standard","meta":{"_et_pb_use_builder":"on","_et_pb_old_content":"","_et_gb_content_width":"1080"},"categories":[19],"tags":[],"jetpack_featured_media_url":"https:\/\/i0.wp.com\/www.promusicsmallorca.org\/wp-content\/uploads\/2020\/08\/cuturaultimahora.jpg?fit=617%2C509&ssl=1","yoast_head":"<!-- This site is optimized with the Yoast SEO Premium plugin v15.7 - https:\/\/yoast.com\/wordpress\/plugins\/seo\/ -->\n<title>Entrevista Ultima Hora, Cultura y Espectaculos - ProM\u00fasics Mallorca<\/title>\n<meta name=\"robots\" content=\"noindex, follow\" \/>\n<meta property=\"og:locale\" content=\"es_ES\" \/>\n<meta property=\"og:type\" content=\"article\" \/>\n<meta property=\"og:title\" content=\"Entrevista Ultima Hora, Cultura y Espectaculos - ProM\u00fasics Mallorca\" \/>\n<meta property=\"og:description\" content=\"CULTURA Y ESPECT\u00c1CULOS &nbsp; M\u00fasica. Este nuevo colectivo se present\u00f3 ayer en sociedad en una rueda de prensa que estuvo marcada por la reivindicaci\u00f3n de mejoras en el mundo de la m\u00fasica. Demandar\u00e1 \u201cestablecer un cach\u00e9 m\u00ednimo\u201d. \u00a0 Miembros del colectivo, presidido por Isis \u2018Apache\u2019 Montero -de verde-, ayer en el hotel Saratoga. Fotos P. [&hellip;]\" \/>\n<meta property=\"og:url\" content=\"https:\/\/www.promusicsmallorca.org\/es\/entrevista-ultima-hora-cultura-y-espectaculos\/\" \/>\n<meta property=\"og:site_name\" content=\"ProM\u00fasics Mallorca\" \/>\n<meta property=\"article:publisher\" content=\"https:\/\/www.facebook.com\/promusicsmallorca\" \/>\n<meta property=\"article:published_time\" content=\"2020-08-06T10:48:25+00:00\" \/>\n<meta property=\"article:modified_time\" content=\"2020-09-04T10:49:48+00:00\" \/>\n<meta property=\"og:image\" content=\"https:\/\/i0.wp.com\/www.promusicsmallorca.org\/wp-content\/uploads\/2020\/08\/cuturaultimahora.jpg?fit=617%2C509&#038;ssl=1\" \/>\n\t<meta property=\"og:image:width\" content=\"617\" \/>\n\t<meta property=\"og:image:height\" content=\"509\" \/>\n<meta name=\"twitter:card\" content=\"summary_large_image\" \/>\n<meta name=\"twitter:label1\" content=\"Tiempo de lectura\">\n\t<meta name=\"twitter:data1\" content=\"4 minutos\">\n<script type=\"application\/ld+json\" class=\"yoast-schema-graph\">{\"@context\":\"https:\/\/schema.org\",\"@graph\":[{\"@type\":\"Organization\",\"@id\":\"https:\/\/www.promusicsmallorca.org\/#organization\",\"name\":\"ProM\\u00fasics Mallorca\",\"url\":\"https:\/\/www.promusicsmallorca.org\/\",\"sameAs\":[\"https:\/\/www.facebook.com\/promusicsmallorca\",\"https:\/\/www.instagram.com\/promusicsmallorca\/\",\"https:\/\/www.youtube.com\/channel\/UCWwttYA4JPovS2RZiGlHgpA\"],\"logo\":{\"@type\":\"ImageObject\",\"@id\":\"https:\/\/www.promusicsmallorca.org\/#logo\",\"inLanguage\":\"es\",\"url\":\"https:\/\/i0.wp.com\/www.promusicsmallorca.org\/wp-content\/uploads\/2021\/02\/image0.png?fit=10224%2C7725&ssl=1\",\"width\":10224,\"height\":7725,\"caption\":\"ProM\\u00fasics Mallorca\"},\"image\":{\"@id\":\"https:\/\/www.promusicsmallorca.org\/#logo\"}},{\"@type\":\"WebSite\",\"@id\":\"https:\/\/www.promusicsmallorca.org\/#website\",\"url\":\"https:\/\/www.promusicsmallorca.org\/\",\"name\":\"ProM\\u00fasics Mallorca\",\"description\":\"Associaci\\u00f3 de Professionals de la M\\u00fasica de Mallorca\",\"publisher\":{\"@id\":\"https:\/\/www.promusicsmallorca.org\/#organization\"},\"potentialAction\":[{\"@type\":\"SearchAction\",\"target\":\"https:\/\/www.promusicsmallorca.org\/?s={search_term_string}\",\"query-input\":\"required name=search_term_string\"}],\"inLanguage\":\"es\"},{\"@type\":\"ImageObject\",\"@id\":\"https:\/\/www.promusicsmallorca.org\/es\/entrevista-ultima-hora-cultura-y-espectaculos\/#primaryimage\",\"inLanguage\":\"es\",\"url\":\"https:\/\/i0.wp.com\/www.promusicsmallorca.org\/wp-content\/uploads\/2020\/08\/cuturaultimahora.jpg?fit=617%2C509&ssl=1\",\"width\":617,\"height\":509},{\"@type\":\"WebPage\",\"@id\":\"https:\/\/www.promusicsmallorca.org\/es\/entrevista-ultima-hora-cultura-y-espectaculos\/#webpage\",\"url\":\"https:\/\/www.promusicsmallorca.org\/es\/entrevista-ultima-hora-cultura-y-espectaculos\/\",\"name\":\"Entrevista Ultima Hora, Cultura y Espectaculos - ProM\\u00fasics Mallorca\",\"isPartOf\":{\"@id\":\"https:\/\/www.promusicsmallorca.org\/#website\"},\"primaryImageOfPage\":{\"@id\":\"https:\/\/www.promusicsmallorca.org\/es\/entrevista-ultima-hora-cultura-y-espectaculos\/#primaryimage\"},\"datePublished\":\"2020-08-06T10:48:25+00:00\",\"dateModified\":\"2020-09-04T10:49:48+00:00\",\"inLanguage\":\"es\",\"potentialAction\":[{\"@type\":\"ReadAction\",\"target\":[\"https:\/\/www.promusicsmallorca.org\/es\/entrevista-ultima-hora-cultura-y-espectaculos\/\"]}]},{\"@type\":\"Article\",\"@id\":\"https:\/\/www.promusicsmallorca.org\/es\/entrevista-ultima-hora-cultura-y-espectaculos\/#article\",\"isPartOf\":{\"@id\":\"https:\/\/www.promusicsmallorca.org\/es\/entrevista-ultima-hora-cultura-y-espectaculos\/#webpage\"},\"author\":{\"@id\":\"https:\/\/www.promusicsmallorca.org\/#\/schema\/person\/052ee353e708e1baf72faedb6ed32589\"},\"headline\":\"Entrevista Ultima Hora, Cultura y Espectaculos\",\"datePublished\":\"2020-08-06T10:48:25+00:00\",\"dateModified\":\"2020-09-04T10:49:48+00:00\",\"mainEntityOfPage\":{\"@id\":\"https:\/\/www.promusicsmallorca.org\/es\/entrevista-ultima-hora-cultura-y-espectaculos\/#webpage\"},\"publisher\":{\"@id\":\"https:\/\/www.promusicsmallorca.org\/#organization\"},\"image\":{\"@id\":\"https:\/\/www.promusicsmallorca.org\/es\/entrevista-ultima-hora-cultura-y-espectaculos\/#primaryimage\"},\"articleSection\":\"Noticias\",\"inLanguage\":\"es\"},{\"@type\":\"Person\",\"@id\":\"https:\/\/www.promusicsmallorca.org\/#\/schema\/person\/052ee353e708e1baf72faedb6ed32589\",\"name\":\"ProM\\u00fasics\",\"sameAs\":[\"https:\/\/www.promusicsmallorca.org\"]}]}<\/script>\n<!-- \/ Yoast SEO Premium plugin. -->","jetpack_sharing_enabled":true,"jetpack_shortlink":"https:\/\/wp.me\/pc8VbC-lu","_links":{"self":[{"href":"https:\/\/www.promusicsmallorca.org\/es\/wp-json\/wp\/v2\/posts\/1332"}],"collection":[{"href":"https:\/\/www.promusicsmallorca.org\/es\/wp-json\/wp\/v2\/posts"}],"about":[{"href":"https:\/\/www.promusicsmallorca.org\/es\/wp-json\/wp\/v2\/types\/post"}],"author":[{"embeddable":true,"href":"https:\/\/www.promusicsmallorca.org\/es\/wp-json\/wp\/v2\/users\/1"}],"replies":[{"embeddable":true,"href":"https:\/\/www.promusicsmallorca.org\/es\/wp-json\/wp\/v2\/comments?post=1332"}],"version-history":[{"count":0,"href":"https:\/\/www.promusicsmallorca.org\/es\/wp-json\/wp\/v2\/posts\/1332\/revisions"}],"wp:featuredmedia":[{"embeddable":true,"href":"https:\/\/www.promusicsmallorca.org\/es\/wp-json\/wp\/v2\/media\/1342"}],"wp:attachment":[{"href":"https:\/\/www.promusicsmallorca.org\/es\/wp-json\/wp\/v2\/media?parent=1332"}],"wp:term":[{"taxonomy":"category","embeddable":true,"href":"https:\/\/www.promusicsmallorca.org\/es\/wp-json\/wp\/v2\/categories?post=1332"},{"taxonomy":"post_tag","embeddable":true,"href":"https:\/\/www.promusicsmallorca.org\/es\/wp-json\/wp\/v2\/tags?post=1332"}],"curies":[{"name":"wp","href":"https:\/\/api.w.org\/{rel}","templated":true}]}}