{"id":1320,"date":"2020-09-03T10:25:20","date_gmt":"2020-09-03T10:25:20","guid":{"rendered":"https:\/\/www.promusicsmallorca.org\/?p=1320"},"modified":"2020-10-28T15:18:44","modified_gmt":"2020-10-28T15:18:44","slug":"promusics-mallorca-se-reune-con-catalina-solivellas-delegada-de-cultura-del-govern-de-les-illes-balears","status":"publish","type":"post","link":"https:\/\/www.promusicsmallorca.org\/es\/promusics-mallorca-se-reune-con-catalina-solivellas-delegada-de-cultura-del-govern-de-les-illes-balears\/","title":{"rendered":"ProM\u00fasics Mallorca se re\u00fane con Catalina Solivellas, delegada de cultura del Govern de les Illes Balears"},"content":{"rendered":"\n[et_pb_section fb_built=\u00bb1&#8243; _builder_version=\u00bb4.5.5&#8243; _module_preset=\u00bbdefault\u00bb][et_pb_row _builder_version=\u00bb4.5.5&#8243; _module_preset=\u00bbdefault\u00bb custom_margin=\u00bb-75px|auto||auto||\u00bb][et_pb_column _builder_version=\u00bb4.5.5&#8243; _module_preset=\u00bbdefault\u00bb type=\u00bb4_4&#8243;][et_pb_text _builder_version=\u00bb4.5.5&#8243; _module_preset=\u00bbdefault\u00bb hover_enabled=\u00bb0&#8243;]<p style=\"text-align: center;\"><img loading=\"lazy\" src=\"https:\/\/i0.wp.com\/www.promusicsmallorca.org\/wp-content\/uploads\/2020\/09\/CATALINA-SOLIVELLAS-GOVERN-REUNI\u00d3N.jpg?resize=416%2C312&#038;ssl=1\" alt=\"\" class=\"wp-image-1323 alignnone size-medium\" width=\"416\" height=\"312\" srcset=\"https:\/\/i0.wp.com\/www.promusicsmallorca.org\/wp-content\/uploads\/2020\/09\/CATALINA-SOLIVELLAS-GOVERN-REUNI\u00d3N.jpg?resize=300%2C225&amp;ssl=1 300w, https:\/\/i0.wp.com\/www.promusicsmallorca.org\/wp-content\/uploads\/2020\/09\/CATALINA-SOLIVELLAS-GOVERN-REUNI\u00d3N.jpg?resize=600%2C450&amp;ssl=1 600w, https:\/\/i0.wp.com\/www.promusicsmallorca.org\/wp-content\/uploads\/2020\/09\/CATALINA-SOLIVELLAS-GOVERN-REUNI\u00d3N.jpg?resize=64%2C48&amp;ssl=1 64w, https:\/\/i0.wp.com\/www.promusicsmallorca.org\/wp-content\/uploads\/2020\/09\/CATALINA-SOLIVELLAS-GOVERN-REUNI\u00d3N.jpg?resize=510%2C382&amp;ssl=1 510w, https:\/\/i0.wp.com\/www.promusicsmallorca.org\/wp-content\/uploads\/2020\/09\/CATALINA-SOLIVELLAS-GOVERN-REUNI\u00d3N.jpg?resize=480%2C360&amp;ssl=1 480w, https:\/\/i0.wp.com\/www.promusicsmallorca.org\/wp-content\/uploads\/2020\/09\/CATALINA-SOLIVELLAS-GOVERN-REUNI\u00d3N.jpg?w=720&amp;ssl=1 720w\" sizes=\"(max-width: 416px) 100vw, 416px\" data-recalc-dims=\"1\" \/><\/p>\n<p>Esta ma\u00f1ana nos hemos reunido con la Sra. Catalina Solivellas, Delegada de Cultura, para presentar al Govern Balear nuestra Asociaci\u00f3n ProM\u00fasics Mallorca y trasmitirles nuestras preocupaciones y peticiones con respecto a las y los m\u00fasicos de Mallorca. <br \/>Queremos agradecer el trato recibido y la predisposici\u00f3n a mejorar la situaci\u00f3n actual.<\/p>\n<p>*Le hemos expresado nuestros miedos ante la situaci\u00f3n, a\u00fan m\u00e1s, precaria que se plantea para este invierno y nos han propuesto formar parte de una futura reuni\u00f3n entre diversas asociaciones representantes de la cultura en las islas y los servicios sociales, para poder determinar las posibilidades de ayudas con las que contamos y proponer nuevas formas.<\/p>\n<p>*Nos han explicado que, por fin, en nuestra comunidad han separado los conciertos del ocio nocturno y se contemplan como actos culturales. Bien sean conciertos de rock, punk, cl\u00e1sica etc. sin tener en cuenta el g\u00e9nero. La m\u00fasica es cultura.<\/p>\n<p>*Hemos instado a agilizar el proceso de subvenciones. Debido al momento en que vivimos se hace m\u00e1s necesario que nunca.<\/p>\n<p>*Hablamos de la creaci\u00f3n de una Federaci\u00f3n Balear de asociaciones de m\u00fasicos, para as\u00ed tener m\u00e1s fuerza y estar m\u00e1s unidos con nuestros compa\u00f1eros de las diversas asociaciones existentes en Mallorca, Eivissa, Menorca y Formentera.<\/p>\n<p>*Se propuso el tener personal dedicado a informar y tratar el mundo laboral de los artistas, ya que al ser tan particular nuestra situaci\u00f3n nos encontramos muchas veces con un total desconocimiento por parte de las personas que nos atienden en las diferentes administraciones.<\/p>\n<p>*Se ha propuesto la creaci\u00f3n de una licencia intermedia de \u00abEspai Cultura Viva\u00bb, tal y como ya se hizo en Barcelona con muy buen resultado. Abriendo as\u00ed el espectro de lugares donde poder actuar.<\/p>\n<p>*Planteamos el problema que tienen los actuales estudiantes del Conservatori Superior para poder hacer frente a los elevados costes de las matr\u00edculas. Aunque recogieron nuestra preocupaci\u00f3n y propuestas, queda pendiente una reuni\u00f3n con la Conselleria de Educaci\u00f3.<\/p>\n<p><strong>Seguimos luchando!<\/strong><\/p>\n<p>#laculturaessegura<br \/>#todosjuntosenprom\u00fasicsmallorca<br \/>#todossonamosmejor<br \/>#prom\u00fasicsmallorca<\/p>\n[\/et_pb_text][\/et_pb_column][\/et_pb_row][\/et_pb_section]\n","protected":false},"excerpt":{"rendered":"<p>Esta ma\u00f1ana nos hemos reunido con la Sra. Catalina Solivellas, Delegada de Cultura, para presentar al Govern Balear nuestra Asociaci\u00f3n ProM\u00fasics Mallorca y trasmitirles nuestras preocupaciones y peticiones con respecto a las y los m\u00fasicos de Mallorca. Queremos agradecer el trato recibido y la predisposici\u00f3n a mejorar la situaci\u00f3n actual. *Le hemos expresado nuestros miedos [&hellip;]<\/p>\n","protected":false},"author":1,"featured_media":1496,"comment_status":"closed","ping_status":"open","sticky":false,"template":"","format":"standard","meta":{"_et_pb_use_builder":"on","_et_pb_old_content":"","_et_gb_content_width":"1080"},"categories":[19],"tags":[],"jetpack_featured_media_url":"https:\/\/i0.wp.com\/www.promusicsmallorca.org\/wp-content\/uploads\/2020\/09\/CATALINA-SOLIVELLAS-GOVERN-REUNION.jpg?fit=417%2C292&ssl=1","yoast_head":"<!-- This site is optimized with the Yoast SEO Premium plugin v15.7 - https:\/\/yoast.com\/wordpress\/plugins\/seo\/ -->\n<title>ProM\u00fasics Mallorca se re\u00fane con Catalina Solivellas, delegada de cultura del Govern de les Illes Balears - ProM\u00fasics Mallorca<\/title>\n<meta name=\"robots\" content=\"noindex, follow\" \/>\n<meta property=\"og:locale\" content=\"es_ES\" \/>\n<meta property=\"og:type\" content=\"article\" \/>\n<meta property=\"og:title\" content=\"ProM\u00fasics Mallorca se re\u00fane con Catalina Solivellas, delegada de cultura del Govern de les Illes Balears - ProM\u00fasics Mallorca\" \/>\n<meta property=\"og:description\" content=\"Esta ma\u00f1ana nos hemos reunido con la Sra. Catalina Solivellas, Delegada de Cultura, para presentar al Govern Balear nuestra Asociaci\u00f3n ProM\u00fasics Mallorca y trasmitirles nuestras preocupaciones y peticiones con respecto a las y los m\u00fasicos de Mallorca. Queremos agradecer el trato recibido y la predisposici\u00f3n a mejorar la situaci\u00f3n actual. *Le hemos expresado nuestros miedos [&hellip;]\" \/>\n<meta property=\"og:url\" content=\"https:\/\/www.promusicsmallorca.org\/es\/promusics-mallorca-se-reune-con-catalina-solivellas-delegada-de-cultura-del-govern-de-les-illes-balears\/\" \/>\n<meta property=\"og:site_name\" content=\"ProM\u00fasics Mallorca\" \/>\n<meta property=\"article:publisher\" content=\"https:\/\/www.facebook.com\/promusicsmallorca\" \/>\n<meta property=\"article:published_time\" content=\"2020-09-03T10:25:20+00:00\" \/>\n<meta property=\"article:modified_time\" content=\"2020-10-28T15:18:44+00:00\" \/>\n<meta property=\"og:image\" content=\"https:\/\/i0.wp.com\/www.promusicsmallorca.org\/wp-content\/uploads\/2020\/09\/CATALINA-SOLIVELLAS-GOVERN-REUNION.jpg?fit=417%2C292&#038;ssl=1\" \/>\n\t<meta property=\"og:image:width\" content=\"417\" \/>\n\t<meta property=\"og:image:height\" content=\"292\" \/>\n<meta name=\"twitter:card\" content=\"summary_large_image\" \/>\n<meta name=\"twitter:label1\" content=\"Tiempo de lectura\">\n\t<meta name=\"twitter:data1\" content=\"2 minutos\">\n<script type=\"application\/ld+json\" class=\"yoast-schema-graph\">{\"@context\":\"https:\/\/schema.org\",\"@graph\":[{\"@type\":\"Organization\",\"@id\":\"https:\/\/www.promusicsmallorca.org\/#organization\",\"name\":\"ProM\\u00fasics Mallorca\",\"url\":\"https:\/\/www.promusicsmallorca.org\/\",\"sameAs\":[\"https:\/\/www.facebook.com\/promusicsmallorca\",\"https:\/\/www.instagram.com\/promusicsmallorca\/\",\"https:\/\/www.youtube.com\/channel\/UCWwttYA4JPovS2RZiGlHgpA\"],\"logo\":{\"@type\":\"ImageObject\",\"@id\":\"https:\/\/www.promusicsmallorca.org\/#logo\",\"inLanguage\":\"es\",\"url\":\"https:\/\/i0.wp.com\/www.promusicsmallorca.org\/wp-content\/uploads\/2021\/02\/image0.png?fit=10224%2C7725&ssl=1\",\"width\":10224,\"height\":7725,\"caption\":\"ProM\\u00fasics Mallorca\"},\"image\":{\"@id\":\"https:\/\/www.promusicsmallorca.org\/#logo\"}},{\"@type\":\"WebSite\",\"@id\":\"https:\/\/www.promusicsmallorca.org\/#website\",\"url\":\"https:\/\/www.promusicsmallorca.org\/\",\"name\":\"ProM\\u00fasics Mallorca\",\"description\":\"Associaci\\u00f3 de Professionals de la M\\u00fasica de Mallorca\",\"publisher\":{\"@id\":\"https:\/\/www.promusicsmallorca.org\/#organization\"},\"potentialAction\":[{\"@type\":\"SearchAction\",\"target\":\"https:\/\/www.promusicsmallorca.org\/?s={search_term_string}\",\"query-input\":\"required name=search_term_string\"}],\"inLanguage\":\"es\"},{\"@type\":\"ImageObject\",\"@id\":\"https:\/\/www.promusicsmallorca.org\/es\/promusics-mallorca-se-reune-con-catalina-solivellas-delegada-de-cultura-del-govern-de-les-illes-balears\/#primaryimage\",\"inLanguage\":\"es\",\"url\":\"https:\/\/i0.wp.com\/www.promusicsmallorca.org\/wp-content\/uploads\/2020\/09\/CATALINA-SOLIVELLAS-GOVERN-REUNION.jpg?fit=417%2C292&ssl=1\",\"width\":417,\"height\":292},{\"@type\":\"WebPage\",\"@id\":\"https:\/\/www.promusicsmallorca.org\/es\/promusics-mallorca-se-reune-con-catalina-solivellas-delegada-de-cultura-del-govern-de-les-illes-balears\/#webpage\",\"url\":\"https:\/\/www.promusicsmallorca.org\/es\/promusics-mallorca-se-reune-con-catalina-solivellas-delegada-de-cultura-del-govern-de-les-illes-balears\/\",\"name\":\"ProM\\u00fasics Mallorca se re\\u00fane con Catalina Solivellas, delegada de cultura del Govern de les Illes Balears - ProM\\u00fasics Mallorca\",\"isPartOf\":{\"@id\":\"https:\/\/www.promusicsmallorca.org\/#website\"},\"primaryImageOfPage\":{\"@id\":\"https:\/\/www.promusicsmallorca.org\/es\/promusics-mallorca-se-reune-con-catalina-solivellas-delegada-de-cultura-del-govern-de-les-illes-balears\/#primaryimage\"},\"datePublished\":\"2020-09-03T10:25:20+00:00\",\"dateModified\":\"2020-10-28T15:18:44+00:00\",\"inLanguage\":\"es\",\"potentialAction\":[{\"@type\":\"ReadAction\",\"target\":[\"https:\/\/www.promusicsmallorca.org\/es\/promusics-mallorca-se-reune-con-catalina-solivellas-delegada-de-cultura-del-govern-de-les-illes-balears\/\"]}]},{\"@type\":\"Article\",\"@id\":\"https:\/\/www.promusicsmallorca.org\/es\/promusics-mallorca-se-reune-con-catalina-solivellas-delegada-de-cultura-del-govern-de-les-illes-balears\/#article\",\"isPartOf\":{\"@id\":\"https:\/\/www.promusicsmallorca.org\/es\/promusics-mallorca-se-reune-con-catalina-solivellas-delegada-de-cultura-del-govern-de-les-illes-balears\/#webpage\"},\"author\":{\"@id\":\"https:\/\/www.promusicsmallorca.org\/#\/schema\/person\/052ee353e708e1baf72faedb6ed32589\"},\"headline\":\"ProM\\u00fasics Mallorca se re\\u00fane con Catalina Solivellas, delegada de cultura del Govern de les Illes Balears\",\"datePublished\":\"2020-09-03T10:25:20+00:00\",\"dateModified\":\"2020-10-28T15:18:44+00:00\",\"mainEntityOfPage\":{\"@id\":\"https:\/\/www.promusicsmallorca.org\/es\/promusics-mallorca-se-reune-con-catalina-solivellas-delegada-de-cultura-del-govern-de-les-illes-balears\/#webpage\"},\"publisher\":{\"@id\":\"https:\/\/www.promusicsmallorca.org\/#organization\"},\"image\":{\"@id\":\"https:\/\/www.promusicsmallorca.org\/es\/promusics-mallorca-se-reune-con-catalina-solivellas-delegada-de-cultura-del-govern-de-les-illes-balears\/#primaryimage\"},\"articleSection\":\"Noticias\",\"inLanguage\":\"es\"},{\"@type\":\"Person\",\"@id\":\"https:\/\/www.promusicsmallorca.org\/#\/schema\/person\/052ee353e708e1baf72faedb6ed32589\",\"name\":\"ProM\\u00fasics\",\"sameAs\":[\"https:\/\/www.promusicsmallorca.org\"]}]}<\/script>\n<!-- \/ Yoast SEO Premium plugin. -->","jetpack_sharing_enabled":true,"jetpack_shortlink":"https:\/\/wp.me\/pc8VbC-li","_links":{"self":[{"href":"https:\/\/www.promusicsmallorca.org\/es\/wp-json\/wp\/v2\/posts\/1320"}],"collection":[{"href":"https:\/\/www.promusicsmallorca.org\/es\/wp-json\/wp\/v2\/posts"}],"about":[{"href":"https:\/\/www.promusicsmallorca.org\/es\/wp-json\/wp\/v2\/types\/post"}],"author":[{"embeddable":true,"href":"https:\/\/www.promusicsmallorca.org\/es\/wp-json\/wp\/v2\/users\/1"}],"replies":[{"embeddable":true,"href":"https:\/\/www.promusicsmallorca.org\/es\/wp-json\/wp\/v2\/comments?post=1320"}],"version-history":[{"count":0,"href":"https:\/\/www.promusicsmallorca.org\/es\/wp-json\/wp\/v2\/posts\/1320\/revisions"}],"wp:featuredmedia":[{"embeddable":true,"href":"https:\/\/www.promusicsmallorca.org\/es\/wp-json\/wp\/v2\/media\/1496"}],"wp:attachment":[{"href":"https:\/\/www.promusicsmallorca.org\/es\/wp-json\/wp\/v2\/media?parent=1320"}],"wp:term":[{"taxonomy":"category","embeddable":true,"href":"https:\/\/www.promusicsmallorca.org\/es\/wp-json\/wp\/v2\/categories?post=1320"},{"taxonomy":"post_tag","embeddable":true,"href":"https:\/\/www.promusicsmallorca.org\/es\/wp-json\/wp\/v2\/tags?post=1320"}],"curies":[{"name":"wp","href":"https:\/\/api.w.org\/{rel}","templated":true}]}}