{"id":1294,"date":"2020-08-28T09:49:45","date_gmt":"2020-08-28T09:49:45","guid":{"rendered":"https:\/\/www.promusicsmallorca.org\/?p=1294"},"modified":"2020-09-04T10:18:10","modified_gmt":"2020-09-04T10:18:10","slug":"reunion-con-maria-pastor-directora-insular-de-cultura-del-consell-de-mallorca","status":"publish","type":"post","link":"https:\/\/www.promusicsmallorca.org\/es\/reunion-con-maria-pastor-directora-insular-de-cultura-del-consell-de-mallorca\/","title":{"rendered":"Reuni\u00f3n con Maria Pastor, directora insular de cultura del Consell de Mallorca"},"content":{"rendered":"<p>[et_pb_section fb_built=\u00bb1&#8243; _builder_version=\u00bb4.5.5&#8243; _module_preset=\u00bbdefault\u00bb custom_padding=\u00bb3px|||||\u00bb][et_pb_row _builder_version=\u00bb4.5.5&#8243; _module_preset=\u00bbdefault\u00bb custom_padding=\u00bb0px|||||\u00bb][et_pb_column type=\u00bb4_4&#8243; _builder_version=\u00bb4.5.5&#8243; _module_preset=\u00bbdefault\u00bb][et_pb_text _builder_version=\u00bb4.5.5&#8243; _module_preset=\u00bbdefault\u00bb hover_enabled=\u00bb0&#8243;]<\/p>\n<p><img loading=\"lazy\" src=\"https:\/\/i0.wp.com\/www.promusicsmallorca.org\/wp-content\/uploads\/2020\/09\/MARIA-PASTOR-CONSELL-REUNION.jpg?resize=492%2C313&#038;ssl=1\" alt=\"\" class=\"wp-image-1297 alignnone size-medium\" style=\"display: block; margin-left: auto; margin-right: auto;\" width=\"492\" height=\"313\" srcset=\"https:\/\/i0.wp.com\/www.promusicsmallorca.org\/wp-content\/uploads\/2020\/09\/MARIA-PASTOR-CONSELL-REUNION.jpg?resize=492%2C313&#038;ssl=1 492w, https:\/\/www.promusicsmallorca.org\/wp-content\/uploads\/2020\/09\/MARIA-PASTOR-CONSELL-REUNION-480x306.jpg 480w\" sizes=\"(min-width: 0px) and (max-width: 480px) 480px, (min-width: 481px) 492px, 100vw\" data-recalc-dims=\"1\" \/><\/p>\n<p>Hoy ProM\u00fasics Mallorca nos hemos reunido con Maria Pastor, Directora Insular de Cultura, del Consell de Mallorca, para hacerle llegar las necesidades y preocupaciones de nuestro sector, en este momento tan complicado.<\/p>\n<p>Queremos agradecer el trato recibido por su parte y la buena predisposici\u00f3n para encontrar soluciones.<br \/> Y queremos mostrar, a todo el que le pueda interesar, los importantes avances que van surgiendo tras nuestras reuniones con las autoridades competentes.<\/p>\n<p><strong>1-<\/strong> El Consell de Mallorca tiene en marcha la redacci\u00f3n de un modelo contractual, al que se podr\u00e1n acoger los ayuntamientos e instituciones as\u00ed como en el \u00e1mbito privado, con la finalidad de trabajar con total cobertura.<\/p>\n<p>Por ejemplo, actualmente si un ayuntamiento cancela un concierto no puede legalmente hacerse cargo del pago del cach\u00e9 al m\u00fasico, por que normalmente no hay contrato firmado.<\/p>\n<p>De esta forma se podr\u00eda reclamar el pago de parte del cach\u00e9 como dicta la ley nacional.<\/p>\n<p><strong>2-<\/strong> Se ha acordado la redacci\u00f3n de un convenio de buenas practicas en el que se regule la situaci\u00f3n de los y las profesionales de la m\u00fasica en la isla.<\/p>\n<p><strong>3-<\/strong> El escrito que ProM\u00fasics redact\u00f3 para que los ayuntamientos dejen de anular conciertos y apuesten por la cultura llegar\u00e1, gracias al Consell, a todos los municipios de Mallorca.<\/p>\n<p><strong>4-<\/strong> Se est\u00e1 negociando el pago r\u00e1pido de las actuaciones que se hagan para instituciones p\u00fablicas. Es decir, que no paguen a 30, 60 o 90 d\u00edas, si no que se haga en la semana posterior a la actuaci\u00f3n.<\/p>\n<p><strong>5<\/strong>&#8211; Estamos luchando por la creaci\u00f3n de un Institut de la M\u00fasica que agilice las relaciones con la administraci\u00f3n.<\/p>\n<p><strong>6-<\/strong> Se ha propuesto la inclusi\u00f3n de los profesionales \u00abfreelance\u00bb dedicados a la m\u00fasica cl\u00e1sica dentro de los circuitos organizados por las administraciones.<\/p>\n<p>#laculturaessegura<br \/> #todosjuntosenprom\u00fasicsmallorca<br \/> #todossonamosmejor<br \/> #prom\u00fasicsmallorca<\/p>\n<p>&nbsp;<\/p>\n<p>[\/et_pb_text][\/et_pb_column][\/et_pb_row][\/et_pb_section]<\/p>\n","protected":false},"excerpt":{"rendered":"<p>Hoy ProM\u00fasics Mallorca nos hemos reunido con Maria Pastor, Directora Insular de Cultura, del Consell de Mallorca, para hacerle llegar las necesidades y preocupaciones de nuestro sector, en este momento tan complicado. Queremos agradecer el trato recibido por su parte y la buena predisposici\u00f3n para encontrar soluciones. Y queremos mostrar, a todo el que le [&hellip;]<\/p>\n","protected":false},"author":1,"featured_media":1297,"comment_status":"closed","ping_status":"open","sticky":false,"template":"","format":"standard","meta":{"_et_pb_use_builder":"on","_et_pb_old_content":"","_et_gb_content_width":"1080"},"categories":[19],"tags":[],"jetpack_featured_media_url":"https:\/\/i0.wp.com\/www.promusicsmallorca.org\/wp-content\/uploads\/2020\/09\/MARIA-PASTOR-CONSELL-REUNION.jpg?fit=843%2C537&ssl=1","yoast_head":"<!-- This site is optimized with the Yoast SEO Premium plugin v15.7 - https:\/\/yoast.com\/wordpress\/plugins\/seo\/ -->\n<title>Reuni\u00f3n con Maria Pastor, directora insular de cultura del Consell de Mallorca - ProM\u00fasics Mallorca<\/title>\n<meta name=\"robots\" content=\"noindex, follow\" \/>\n<meta property=\"og:locale\" content=\"es_ES\" \/>\n<meta property=\"og:type\" content=\"article\" \/>\n<meta property=\"og:title\" content=\"Reuni\u00f3n con Maria Pastor, directora insular de cultura del Consell de Mallorca - ProM\u00fasics Mallorca\" \/>\n<meta property=\"og:description\" content=\"Hoy ProM\u00fasics Mallorca nos hemos reunido con Maria Pastor, Directora Insular de Cultura, del Consell de Mallorca, para hacerle llegar las necesidades y preocupaciones de nuestro sector, en este momento tan complicado. Queremos agradecer el trato recibido por su parte y la buena predisposici\u00f3n para encontrar soluciones. Y queremos mostrar, a todo el que le [&hellip;]\" \/>\n<meta property=\"og:url\" content=\"https:\/\/www.promusicsmallorca.org\/es\/reunion-con-maria-pastor-directora-insular-de-cultura-del-consell-de-mallorca\/\" \/>\n<meta property=\"og:site_name\" content=\"ProM\u00fasics Mallorca\" \/>\n<meta property=\"article:publisher\" content=\"https:\/\/www.facebook.com\/promusicsmallorca\" \/>\n<meta property=\"article:published_time\" content=\"2020-08-28T09:49:45+00:00\" \/>\n<meta property=\"article:modified_time\" content=\"2020-09-04T10:18:10+00:00\" \/>\n<meta property=\"og:image\" content=\"https:\/\/i0.wp.com\/www.promusicsmallorca.org\/wp-content\/uploads\/2020\/09\/MARIA-PASTOR-CONSELL-REUNION.jpg?fit=843%2C537&#038;ssl=1\" \/>\n\t<meta property=\"og:image:width\" content=\"843\" \/>\n\t<meta property=\"og:image:height\" content=\"537\" \/>\n<meta name=\"twitter:card\" content=\"summary_large_image\" \/>\n<meta name=\"twitter:label1\" content=\"Tiempo de lectura\">\n\t<meta name=\"twitter:data1\" content=\"2 minutos\">\n<script type=\"application\/ld+json\" class=\"yoast-schema-graph\">{\"@context\":\"https:\/\/schema.org\",\"@graph\":[{\"@type\":\"Organization\",\"@id\":\"https:\/\/www.promusicsmallorca.org\/#organization\",\"name\":\"ProM\\u00fasics Mallorca\",\"url\":\"https:\/\/www.promusicsmallorca.org\/\",\"sameAs\":[\"https:\/\/www.facebook.com\/promusicsmallorca\",\"https:\/\/www.instagram.com\/promusicsmallorca\/\",\"https:\/\/www.youtube.com\/channel\/UCWwttYA4JPovS2RZiGlHgpA\"],\"logo\":{\"@type\":\"ImageObject\",\"@id\":\"https:\/\/www.promusicsmallorca.org\/#logo\",\"inLanguage\":\"es\",\"url\":\"https:\/\/i0.wp.com\/www.promusicsmallorca.org\/wp-content\/uploads\/2021\/02\/image0.png?fit=10224%2C7725&ssl=1\",\"width\":10224,\"height\":7725,\"caption\":\"ProM\\u00fasics Mallorca\"},\"image\":{\"@id\":\"https:\/\/www.promusicsmallorca.org\/#logo\"}},{\"@type\":\"WebSite\",\"@id\":\"https:\/\/www.promusicsmallorca.org\/#website\",\"url\":\"https:\/\/www.promusicsmallorca.org\/\",\"name\":\"ProM\\u00fasics Mallorca\",\"description\":\"Associaci\\u00f3 de Professionals de la M\\u00fasica de Mallorca\",\"publisher\":{\"@id\":\"https:\/\/www.promusicsmallorca.org\/#organization\"},\"potentialAction\":[{\"@type\":\"SearchAction\",\"target\":\"https:\/\/www.promusicsmallorca.org\/?s={search_term_string}\",\"query-input\":\"required name=search_term_string\"}],\"inLanguage\":\"es\"},{\"@type\":\"ImageObject\",\"@id\":\"https:\/\/www.promusicsmallorca.org\/es\/reunion-con-maria-pastor-directora-insular-de-cultura-del-consell-de-mallorca\/#primaryimage\",\"inLanguage\":\"es\",\"url\":\"https:\/\/i0.wp.com\/www.promusicsmallorca.org\/wp-content\/uploads\/2020\/09\/MARIA-PASTOR-CONSELL-REUNION.jpg?fit=843%2C537&ssl=1\",\"width\":843,\"height\":537},{\"@type\":\"WebPage\",\"@id\":\"https:\/\/www.promusicsmallorca.org\/es\/reunion-con-maria-pastor-directora-insular-de-cultura-del-consell-de-mallorca\/#webpage\",\"url\":\"https:\/\/www.promusicsmallorca.org\/es\/reunion-con-maria-pastor-directora-insular-de-cultura-del-consell-de-mallorca\/\",\"name\":\"Reuni\\u00f3n con Maria Pastor, directora insular de cultura del Consell de Mallorca - ProM\\u00fasics Mallorca\",\"isPartOf\":{\"@id\":\"https:\/\/www.promusicsmallorca.org\/#website\"},\"primaryImageOfPage\":{\"@id\":\"https:\/\/www.promusicsmallorca.org\/es\/reunion-con-maria-pastor-directora-insular-de-cultura-del-consell-de-mallorca\/#primaryimage\"},\"datePublished\":\"2020-08-28T09:49:45+00:00\",\"dateModified\":\"2020-09-04T10:18:10+00:00\",\"inLanguage\":\"es\",\"potentialAction\":[{\"@type\":\"ReadAction\",\"target\":[\"https:\/\/www.promusicsmallorca.org\/es\/reunion-con-maria-pastor-directora-insular-de-cultura-del-consell-de-mallorca\/\"]}]},{\"@type\":\"Article\",\"@id\":\"https:\/\/www.promusicsmallorca.org\/es\/reunion-con-maria-pastor-directora-insular-de-cultura-del-consell-de-mallorca\/#article\",\"isPartOf\":{\"@id\":\"https:\/\/www.promusicsmallorca.org\/es\/reunion-con-maria-pastor-directora-insular-de-cultura-del-consell-de-mallorca\/#webpage\"},\"author\":{\"@id\":\"https:\/\/www.promusicsmallorca.org\/#\/schema\/person\/052ee353e708e1baf72faedb6ed32589\"},\"headline\":\"Reuni\\u00f3n con Maria Pastor, directora insular de cultura del Consell de Mallorca\",\"datePublished\":\"2020-08-28T09:49:45+00:00\",\"dateModified\":\"2020-09-04T10:18:10+00:00\",\"mainEntityOfPage\":{\"@id\":\"https:\/\/www.promusicsmallorca.org\/es\/reunion-con-maria-pastor-directora-insular-de-cultura-del-consell-de-mallorca\/#webpage\"},\"publisher\":{\"@id\":\"https:\/\/www.promusicsmallorca.org\/#organization\"},\"image\":{\"@id\":\"https:\/\/www.promusicsmallorca.org\/es\/reunion-con-maria-pastor-directora-insular-de-cultura-del-consell-de-mallorca\/#primaryimage\"},\"articleSection\":\"Noticias\",\"inLanguage\":\"es\"},{\"@type\":\"Person\",\"@id\":\"https:\/\/www.promusicsmallorca.org\/#\/schema\/person\/052ee353e708e1baf72faedb6ed32589\",\"name\":\"ProM\\u00fasics\",\"sameAs\":[\"https:\/\/www.promusicsmallorca.org\"]}]}<\/script>\n<!-- \/ Yoast SEO Premium plugin. -->","jetpack_sharing_enabled":true,"jetpack_shortlink":"https:\/\/wp.me\/pc8VbC-kS","_links":{"self":[{"href":"https:\/\/www.promusicsmallorca.org\/es\/wp-json\/wp\/v2\/posts\/1294"}],"collection":[{"href":"https:\/\/www.promusicsmallorca.org\/es\/wp-json\/wp\/v2\/posts"}],"about":[{"href":"https:\/\/www.promusicsmallorca.org\/es\/wp-json\/wp\/v2\/types\/post"}],"author":[{"embeddable":true,"href":"https:\/\/www.promusicsmallorca.org\/es\/wp-json\/wp\/v2\/users\/1"}],"replies":[{"embeddable":true,"href":"https:\/\/www.promusicsmallorca.org\/es\/wp-json\/wp\/v2\/comments?post=1294"}],"version-history":[{"count":0,"href":"https:\/\/www.promusicsmallorca.org\/es\/wp-json\/wp\/v2\/posts\/1294\/revisions"}],"wp:featuredmedia":[{"embeddable":true,"href":"https:\/\/www.promusicsmallorca.org\/es\/wp-json\/wp\/v2\/media\/1297"}],"wp:attachment":[{"href":"https:\/\/www.promusicsmallorca.org\/es\/wp-json\/wp\/v2\/media?parent=1294"}],"wp:term":[{"taxonomy":"category","embeddable":true,"href":"https:\/\/www.promusicsmallorca.org\/es\/wp-json\/wp\/v2\/categories?post=1294"},{"taxonomy":"post_tag","embeddable":true,"href":"https:\/\/www.promusicsmallorca.org\/es\/wp-json\/wp\/v2\/tags?post=1294"}],"curies":[{"name":"wp","href":"https:\/\/api.w.org\/{rel}","templated":true}]}}