{"id":1273,"date":"2020-09-01T09:13:02","date_gmt":"2020-09-01T09:13:02","guid":{"rendered":"https:\/\/www.promusicsmallorca.org\/?p=1273"},"modified":"2020-09-04T10:12:19","modified_gmt":"2020-09-04T10:12:19","slug":"la-ump-inicia-ronda-de-comunicaciones-con-los-ministros-de-sanidad-y-cultura-y-autoridades-de-comunidades-autonomas","status":"publish","type":"post","link":"https:\/\/www.promusicsmallorca.org\/es\/la-ump-inicia-ronda-de-comunicaciones-con-los-ministros-de-sanidad-y-cultura-y-autoridades-de-comunidades-autonomas\/","title":{"rendered":"La UMP inicia ronda de comunicaciones con los ministros de sanidad y cultura y autoridades de comunidades autonomas"},"content":{"rendered":"<p>[et_pb_section fb_built=\u00bb1&#8243; _builder_version=\u00bb4.5.5&#8243; _module_preset=\u00bbdefault\u00bb][et_pb_row _builder_version=\u00bb4.5.5&#8243; _module_preset=\u00bbdefault\u00bb][et_pb_column type=\u00bb4_4&#8243; _builder_version=\u00bb4.5.5&#8243; _module_preset=\u00bbdefault\u00bb][et_pb_text _builder_version=\u00bb4.5.5&#8243; _module_preset=\u00bbdefault\u00bb hover_enabled=\u00bb0&#8243;]<\/p>\n<p style=\"text-align: center;\">La UMP, Uni\u00f3n de M\u00fasicos Profesionales que opera a nivel estatal y de la que formamos parte ProM\u00fasics Mallorca, dada la confusi\u00f3n creada por la Orden de cierre del ocio nocturno, ha iniciado una ronda de comunicaciones con los Ministros de Sanidad y Cultura y autoridades de Comunidades Aut\u00f3nomas.<\/p>\n<p style=\"text-align: center;\">\n[\/et_pb_text][\/et_pb_column][\/et_pb_row][et_pb_row column_structure=\u00bb1_2,1_2&#8243; _builder_version=\u00bb4.5.5&#8243; _module_preset=\u00bbdefault\u00bb][et_pb_column type=\u00bb1_2&#8243; _builder_version=\u00bb4.5.5&#8243; _module_preset=\u00bbdefault\u00bb][et_pb_blurb title=\u00bbCarta al Ministro de Cultura i Deporte \u00bb url=\u00bbhttps:\/\/bit.ly\/34TS24N\u00bb url_new_window=\u00bbon\u00bb image=\u00bbhttps:\/\/www.promusicsmallorca.org\/wp-content\/uploads\/2020\/09\/Carta-al-Ministro-de-Cultura-i-Deporte-.jpg\u00bb image_max_width=\u00bb18%\u00bb _builder_version=\u00bb4.5.5&#8243; _module_preset=\u00bbdefault\u00bb text_orientation=\u00bbcenter\u00bb link_option_url=\u00bbhttps:\/\/bit.ly\/34TS24N\u00bb link_option_url_new_window=\u00bbon\u00bb][\/et_pb_blurb][\/et_pb_column][et_pb_column type=\u00bb1_2&#8243; _builder_version=\u00bb4.5.5&#8243; _module_preset=\u00bbdefault\u00bb][et_pb_blurb title=\u00bbCarta al Ministro de Sanidad \u00bb url=\u00bbhttps:\/\/bit.ly\/3gCXBqo\u00bb url_new_window=\u00bbon\u00bb image=\u00bbhttps:\/\/www.promusicsmallorca.org\/wp-content\/uploads\/2020\/09\/Carta-al-Ministro-de-Sanidad-.jpg\u00bb image_max_width=\u00bb18%\u00bb _builder_version=\u00bb4.5.5&#8243; _module_preset=\u00bbdefault\u00bb text_orientation=\u00bbcenter\u00bb link_option_url=\u00bbhttps:\/\/bit.ly\/3gCXBqo\u00bb link_option_url_new_window=\u00bbon\u00bb][\/et_pb_blurb][\/et_pb_column][\/et_pb_row][et_pb_row _builder_version=\u00bb4.5.5&#8243; _module_preset=\u00bbdefault\u00bb][et_pb_column type=\u00bb4_4&#8243; _builder_version=\u00bb4.5.5&#8243; _module_preset=\u00bbdefault\u00bb][et_pb_image src=\u00bbhttps:\/\/www.promusicsmallorca.org\/wp-content\/uploads\/2020\/09\/FOTO-NOTICIA-UMP-INICIA-RONDA-W.jpg\u00bb title_text=\u00bbFOTO NOTICIA UMP INICIA RONDA W\u00bb align=\u00bbcenter\u00bb _builder_version=\u00bb4.5.5&#8243; _module_preset=\u00bbdefault\u00bb][\/et_pb_image][\/et_pb_column][\/et_pb_row][\/et_pb_section]<\/p>\n","protected":false},"excerpt":{"rendered":"<p>La UMP, Uni\u00f3n de M\u00fasicos Profesionales que opera a nivel estatal y de la que formamos parte ProM\u00fasics Mallorca, dada la confusi\u00f3n creada por la Orden de cierre del ocio nocturno, ha iniciado una ronda de comunicaciones con los Ministros de Sanidad y Cultura y autoridades de Comunidades Aut\u00f3nomas.<\/p>\n","protected":false},"author":1,"featured_media":1274,"comment_status":"closed","ping_status":"open","sticky":false,"template":"","format":"standard","meta":{"_et_pb_use_builder":"on","_et_pb_old_content":"","_et_gb_content_width":"1080"},"categories":[19],"tags":[],"jetpack_featured_media_url":"https:\/\/i0.wp.com\/www.promusicsmallorca.org\/wp-content\/uploads\/2020\/09\/FOTO-NOTICIA-UMP-INICIA-RONDA-W.jpg?fit=517%2C478&ssl=1","yoast_head":"<!-- This site is optimized with the Yoast SEO Premium plugin v15.7 - https:\/\/yoast.com\/wordpress\/plugins\/seo\/ -->\n<title>La UMP inicia ronda de comunicaciones con los ministros de sanidad y cultura y autoridades de comunidades autonomas - ProM\u00fasics Mallorca<\/title>\n<meta name=\"robots\" content=\"noindex, follow\" \/>\n<meta property=\"og:locale\" content=\"es_ES\" \/>\n<meta property=\"og:type\" content=\"article\" \/>\n<meta property=\"og:title\" content=\"La UMP inicia ronda de comunicaciones con los ministros de sanidad y cultura y autoridades de comunidades autonomas - ProM\u00fasics Mallorca\" \/>\n<meta property=\"og:description\" content=\"La UMP, Uni\u00f3n de M\u00fasicos Profesionales que opera a nivel estatal y de la que formamos parte ProM\u00fasics Mallorca, dada la confusi\u00f3n creada por la Orden de cierre del ocio nocturno, ha iniciado una ronda de comunicaciones con los Ministros de Sanidad y Cultura y autoridades de Comunidades Aut\u00f3nomas.\" \/>\n<meta property=\"og:url\" content=\"https:\/\/www.promusicsmallorca.org\/es\/la-ump-inicia-ronda-de-comunicaciones-con-los-ministros-de-sanidad-y-cultura-y-autoridades-de-comunidades-autonomas\/\" \/>\n<meta property=\"og:site_name\" content=\"ProM\u00fasics Mallorca\" \/>\n<meta property=\"article:publisher\" content=\"https:\/\/www.facebook.com\/promusicsmallorca\" \/>\n<meta property=\"article:published_time\" content=\"2020-09-01T09:13:02+00:00\" \/>\n<meta property=\"article:modified_time\" content=\"2020-09-04T10:12:19+00:00\" \/>\n<meta property=\"og:image\" content=\"https:\/\/i0.wp.com\/www.promusicsmallorca.org\/wp-content\/uploads\/2020\/09\/FOTO-NOTICIA-UMP-INICIA-RONDA-W.jpg?fit=517%2C478&#038;ssl=1\" \/>\n\t<meta property=\"og:image:width\" content=\"517\" \/>\n\t<meta property=\"og:image:height\" content=\"478\" \/>\n<meta name=\"twitter:card\" content=\"summary_large_image\" \/>\n<meta name=\"twitter:label1\" content=\"Tiempo de lectura\">\n\t<meta name=\"twitter:data1\" content=\"2 minutos\">\n<script type=\"application\/ld+json\" class=\"yoast-schema-graph\">{\"@context\":\"https:\/\/schema.org\",\"@graph\":[{\"@type\":\"Organization\",\"@id\":\"https:\/\/www.promusicsmallorca.org\/#organization\",\"name\":\"ProM\\u00fasics Mallorca\",\"url\":\"https:\/\/www.promusicsmallorca.org\/\",\"sameAs\":[\"https:\/\/www.facebook.com\/promusicsmallorca\",\"https:\/\/www.instagram.com\/promusicsmallorca\/\",\"https:\/\/www.youtube.com\/channel\/UCWwttYA4JPovS2RZiGlHgpA\"],\"logo\":{\"@type\":\"ImageObject\",\"@id\":\"https:\/\/www.promusicsmallorca.org\/#logo\",\"inLanguage\":\"es\",\"url\":\"https:\/\/i0.wp.com\/www.promusicsmallorca.org\/wp-content\/uploads\/2021\/02\/image0.png?fit=10224%2C7725&ssl=1\",\"width\":10224,\"height\":7725,\"caption\":\"ProM\\u00fasics Mallorca\"},\"image\":{\"@id\":\"https:\/\/www.promusicsmallorca.org\/#logo\"}},{\"@type\":\"WebSite\",\"@id\":\"https:\/\/www.promusicsmallorca.org\/#website\",\"url\":\"https:\/\/www.promusicsmallorca.org\/\",\"name\":\"ProM\\u00fasics Mallorca\",\"description\":\"Associaci\\u00f3 de Professionals de la M\\u00fasica de Mallorca\",\"publisher\":{\"@id\":\"https:\/\/www.promusicsmallorca.org\/#organization\"},\"potentialAction\":[{\"@type\":\"SearchAction\",\"target\":\"https:\/\/www.promusicsmallorca.org\/?s={search_term_string}\",\"query-input\":\"required name=search_term_string\"}],\"inLanguage\":\"es\"},{\"@type\":\"ImageObject\",\"@id\":\"https:\/\/www.promusicsmallorca.org\/es\/la-ump-inicia-ronda-de-comunicaciones-con-los-ministros-de-sanidad-y-cultura-y-autoridades-de-comunidades-autonomas\/#primaryimage\",\"inLanguage\":\"es\",\"url\":\"https:\/\/i0.wp.com\/www.promusicsmallorca.org\/wp-content\/uploads\/2020\/09\/FOTO-NOTICIA-UMP-INICIA-RONDA-W.jpg?fit=517%2C478&ssl=1\",\"width\":517,\"height\":478},{\"@type\":\"WebPage\",\"@id\":\"https:\/\/www.promusicsmallorca.org\/es\/la-ump-inicia-ronda-de-comunicaciones-con-los-ministros-de-sanidad-y-cultura-y-autoridades-de-comunidades-autonomas\/#webpage\",\"url\":\"https:\/\/www.promusicsmallorca.org\/es\/la-ump-inicia-ronda-de-comunicaciones-con-los-ministros-de-sanidad-y-cultura-y-autoridades-de-comunidades-autonomas\/\",\"name\":\"La UMP inicia ronda de comunicaciones con los ministros de sanidad y cultura y autoridades de comunidades autonomas - ProM\\u00fasics Mallorca\",\"isPartOf\":{\"@id\":\"https:\/\/www.promusicsmallorca.org\/#website\"},\"primaryImageOfPage\":{\"@id\":\"https:\/\/www.promusicsmallorca.org\/es\/la-ump-inicia-ronda-de-comunicaciones-con-los-ministros-de-sanidad-y-cultura-y-autoridades-de-comunidades-autonomas\/#primaryimage\"},\"datePublished\":\"2020-09-01T09:13:02+00:00\",\"dateModified\":\"2020-09-04T10:12:19+00:00\",\"inLanguage\":\"es\",\"potentialAction\":[{\"@type\":\"ReadAction\",\"target\":[\"https:\/\/www.promusicsmallorca.org\/es\/la-ump-inicia-ronda-de-comunicaciones-con-los-ministros-de-sanidad-y-cultura-y-autoridades-de-comunidades-autonomas\/\"]}]},{\"@type\":\"Article\",\"@id\":\"https:\/\/www.promusicsmallorca.org\/es\/la-ump-inicia-ronda-de-comunicaciones-con-los-ministros-de-sanidad-y-cultura-y-autoridades-de-comunidades-autonomas\/#article\",\"isPartOf\":{\"@id\":\"https:\/\/www.promusicsmallorca.org\/es\/la-ump-inicia-ronda-de-comunicaciones-con-los-ministros-de-sanidad-y-cultura-y-autoridades-de-comunidades-autonomas\/#webpage\"},\"author\":{\"@id\":\"https:\/\/www.promusicsmallorca.org\/#\/schema\/person\/052ee353e708e1baf72faedb6ed32589\"},\"headline\":\"La UMP inicia ronda de comunicaciones con los ministros de sanidad y cultura y autoridades de comunidades autonomas\",\"datePublished\":\"2020-09-01T09:13:02+00:00\",\"dateModified\":\"2020-09-04T10:12:19+00:00\",\"mainEntityOfPage\":{\"@id\":\"https:\/\/www.promusicsmallorca.org\/es\/la-ump-inicia-ronda-de-comunicaciones-con-los-ministros-de-sanidad-y-cultura-y-autoridades-de-comunidades-autonomas\/#webpage\"},\"publisher\":{\"@id\":\"https:\/\/www.promusicsmallorca.org\/#organization\"},\"image\":{\"@id\":\"https:\/\/www.promusicsmallorca.org\/es\/la-ump-inicia-ronda-de-comunicaciones-con-los-ministros-de-sanidad-y-cultura-y-autoridades-de-comunidades-autonomas\/#primaryimage\"},\"articleSection\":\"Noticias\",\"inLanguage\":\"es\"},{\"@type\":\"Person\",\"@id\":\"https:\/\/www.promusicsmallorca.org\/#\/schema\/person\/052ee353e708e1baf72faedb6ed32589\",\"name\":\"ProM\\u00fasics\",\"sameAs\":[\"https:\/\/www.promusicsmallorca.org\"]}]}<\/script>\n<!-- \/ Yoast SEO Premium plugin. -->","jetpack_sharing_enabled":true,"jetpack_shortlink":"https:\/\/wp.me\/pc8VbC-kx","_links":{"self":[{"href":"https:\/\/www.promusicsmallorca.org\/es\/wp-json\/wp\/v2\/posts\/1273"}],"collection":[{"href":"https:\/\/www.promusicsmallorca.org\/es\/wp-json\/wp\/v2\/posts"}],"about":[{"href":"https:\/\/www.promusicsmallorca.org\/es\/wp-json\/wp\/v2\/types\/post"}],"author":[{"embeddable":true,"href":"https:\/\/www.promusicsmallorca.org\/es\/wp-json\/wp\/v2\/users\/1"}],"replies":[{"embeddable":true,"href":"https:\/\/www.promusicsmallorca.org\/es\/wp-json\/wp\/v2\/comments?post=1273"}],"version-history":[{"count":0,"href":"https:\/\/www.promusicsmallorca.org\/es\/wp-json\/wp\/v2\/posts\/1273\/revisions"}],"wp:featuredmedia":[{"embeddable":true,"href":"https:\/\/www.promusicsmallorca.org\/es\/wp-json\/wp\/v2\/media\/1274"}],"wp:attachment":[{"href":"https:\/\/www.promusicsmallorca.org\/es\/wp-json\/wp\/v2\/media?parent=1273"}],"wp:term":[{"taxonomy":"category","embeddable":true,"href":"https:\/\/www.promusicsmallorca.org\/es\/wp-json\/wp\/v2\/categories?post=1273"},{"taxonomy":"post_tag","embeddable":true,"href":"https:\/\/www.promusicsmallorca.org\/es\/wp-json\/wp\/v2\/tags?post=1273"}],"curies":[{"name":"wp","href":"https:\/\/api.w.org\/{rel}","templated":true}]}}