{"id":1258,"date":"2020-08-13T08:58:00","date_gmt":"2020-08-13T08:58:00","guid":{"rendered":"https:\/\/www.promusicsmallorca.org\/?p=1258"},"modified":"2020-09-01T13:30:54","modified_gmt":"2020-09-01T13:30:54","slug":"entrevista-en-mallorcazeitung","status":"publish","type":"post","link":"https:\/\/www.promusicsmallorca.org\/es\/entrevista-en-mallorcazeitung\/","title":{"rendered":"Entrevista en MallorcaZeitung"},"content":{"rendered":"<p>[et_pb_section fb_built=\u00bb1&#8243; _builder_version=\u00bb4.5.5&#8243; _module_preset=\u00bbdefault\u00bb][et_pb_row _builder_version=\u00bb4.5.5&#8243; _module_preset=\u00bbdefault\u00bb][et_pb_column type=\u00bb4_4&#8243; _builder_version=\u00bb4.5.5&#8243; _module_preset=\u00bbdefault\u00bb][et_pb_text _builder_version=\u00bb4.5.5&#8243; _module_preset=\u00bbdefault\u00bb hover_enabled=\u00bb0&#8243;]<\/p>\n<p>&nbsp;<\/p>\n<p style=\"margin-bottom: 0cm;\"><span class=\"sd-abs-pos\" style=\"position: absolute; top: -2cm; left: -2cm; width: 690px;\"><\/span><span style=\"font-size: large;\" size=\"4\"><b><span style=\"background: #ffffff;\">ProM\u00fasics Mallorca: M\u00fasicos profesionales luchan por sus derechos con una nueva Asociaci\u00f3n.<\/span><\/b><\/span><span style=\"background: #ffffff;\"><\/p>\n<p><\/span><span style=\"font-size: small;\" size=\"2\"><i><span style=\"background: #ffffff;\">Los fundadores quieren mejorar las precarias condiciones laborales y ayudar a la profesi\u00f3n a ser m\u00e1s digna.<br \/><\/span><\/i><\/span><span style=\"background: #ffffff;\"><br \/>Brigitte Rohm 24\/08\/2020 | 01:00<\/p>\n<p>La crisis de la corona tambi\u00e9n podr\u00eda ser un punto de inflexi\u00f3n para la cohesi\u00f3n entre los m\u00fasicos. \u00abTenemos que hacer algo ahora\u00bb, dice la m\u00fasico Isis \u00abApache\u00bb Montero, presidenta de la asociaci\u00f3n sin \u00e1nimo de lucro \u00abProM\u00fasics Mallorca\u00bb, que se fund\u00f3 hace dos meses. Hasta ahora exist\u00eda la \u00abAsociaci\u00f3n de M\u00fasicos de Pollen\u00e7a\u00bb local, pero ninguna Asociaci\u00f3n de este tipo para toda la isla.<\/p>\n<p>Los fundadores, todos m\u00fasicos profesionales de diferentes estilos, incluyen a Montero (conocida por su mezcla de m\u00fasica cubana, jazz latino, soul y flamenco), el bajista Pep Estrada como vicepresidente, la cantante Desir\u00e9e Duran como secretaria y tesorera, su contraparte Carlos Mancera y los consejeros Tolo Servera, Ignacio Sim\u00f3, To\u00f1o M\u00e1rquez, Diego Ferral, Benji Habichuela y Vicen\u00e7 Borr\u00e1s.<\/p>\n<p><\/span><b><span style=\"background: #ffffff;\">Una industria previamente indefensa<\/span><\/b><span style=\"background: #ffffff;\"><br \/>El 5 de agosto, los representantes de la asociaci\u00f3n presentaron por primera vez al p\u00fablico sus metas y visiones. Se preocupan por el panorama general. Quieren defender los derechos de los m\u00fasicos profesionales, dar una nueva dignidad a su profesi\u00f3n y promover la oferta musical y cultural de la isla. La crisis de la corona ha exacerbado los problemas existentes y ha demostrado que la industria est\u00e1 indefensa sin representaci\u00f3n profesional. Hay mucho por hacer: \u00abNada est\u00e1 regulado por ley en este sector\u00bb, dijo Montero en una entrevista con MZ. Los pasos m\u00e1s necesarios incluyeron una revisi\u00f3n de contratos, impuestos y condiciones laborales. La asociaci\u00f3n est\u00e1 en contacto con la \u00abUni\u00f3n de M\u00fasicos Profesionales\u00bb, la organizaci\u00f3n coordinadora de asociaciones de m\u00fasicos locales en Espa\u00f1a, para promover, entre otras cosas, tarifas justas y el derecho a prestaciones sociales a nivel nacional.<\/p>\n<p>Otro frente en el que est\u00e1 luchando la asociaci\u00f3n, y para el que ya ha solicitado conversaciones con la Asociaci\u00f3n de Municipios Baleares (FELIB): quiere recordar a las autoridades que el presupuesto destinado a cultura no se desv\u00eda a otros departamentos. \u00abPorque eso ya est\u00e1 sucediendo\u00bb, se queja el presidente. \u00abPero no se puede simplemente decidir: que la cultura no es menos importante, y entonces desv\u00eden el dinero all\u00ed. Porque entonces los m\u00fasicos finalmente se convertir\u00e1n en casos sociales\u00bb. <\/p>\n<p><\/span><b><span style=\"background: #ffffff;\">Cuando 30 euros es demasiado<\/span><\/b><span style=\"background: #ffffff;\"><br \/>Una descripci\u00f3n de Montero en la rueda de prensa subraya lo precaria que es la situaci\u00f3n para muchos m\u00fasicos en este momento: aunque la cuota anual de membres\u00eda inicialmente solo cuesta 30 euros (60 euros el pr\u00f3ximo a\u00f1o), muchos no est\u00e1n en condiciones de pagar la peque\u00f1a suma. . El mayor problema en los tiempos de Corona: casi no hay conciertos. \u00abY un m\u00fasico que no puede tocar no tiene nada que comer\u00bb, dijo la Presidenta. Su apasionado llamamiento por revivir la m\u00fasica en Mallorca tambi\u00e9n est\u00e1 dirigido al p\u00fablico. \u00abDespu\u00e9s de todo, tambi\u00e9n necesitamos un poco de alegr\u00eda\u00bb. todo lo que pas\u00f3. \u00a1Ol\u00e9! \u00ab<\/p>\n<p>De hecho, ProM\u00fasics Mallorca pudo esperar sus primeros \u00e9xitos a pesar de su corta existencia. Se escuch\u00f3 una solicitud realizada conjuntamente con la Asociaci\u00f3n de M\u00fasicos de Pollen\u00e7a y las asociaciones de m\u00fasicos de Ibiza y Menorca; el colectivo logr\u00f3 que los m\u00fasicos est\u00e9n exentos del requisito de la m\u00e1scara durante su actuaci\u00f3n en el escenario.<\/p>\n<p><\/span><\/p>\n<p style=\"margin-bottom: 0cm;\"><b><span style=\"background: #ffffff;\">Escena llena de luchadores solitarios<\/span><\/b><span style=\"background: #ffffff;\"><br \/>Y actualmente la asociaci\u00f3n vuelve a trabajar con la Asociaci\u00f3n de M\u00fasicos de Pollen\u00e7a para un hito m\u00e1s: est\u00e1n pidiendo que se modifique la ordenanza de protecci\u00f3n ac\u00fastica en todos los municipios de Mallorca. De hecho, evitas las apariciones en bares y restaurantes. Ya se ha logrado un cambio correspondiente en Ibiza: all\u00ed, ahora se puede reproducir m\u00fasica en vivo en todos los restaurantes a ciertas horas y a cierto volumen. El lema \u00abJuntos somos fuertes\u00bb todav\u00eda no se ha arraigado demasiado en el panorama musical mallorqu\u00edn. \u00abEs una profesi\u00f3n tan desprotegida que todo m\u00fasico trata de llegar a fin de mes y luchar por s\u00ed mismo\u00bb, explica Montero. Uno de los mayores desaf\u00edos para la asociaci\u00f3n ser\u00e1, por tanto, despertar el sentido de comunidad entre los m\u00fasicos y convencerlos de la necesidad de unir fuerzas y actuar como frente \u00fanico.<\/p>\n<p><\/span><b><span style=\"background: #ffffff;\">A\u00fan falta peso a nivel pol\u00edtico<\/span><\/b><span style=\"background: #ffffff;\"><br \/>En pol\u00edtica, en algunos casos parecen tener las puertas abiertas: los fundadores de la asociaci\u00f3n informan sobre una reuni\u00f3n inicial con el Ayuntamiento de Palma, en la que fueron \u00abmuy bien recibidos\u00bb. Hasta el momento, no ha habido ninguna persona de contacto que represente al conjunto de los m\u00fasicos profesionales. los pol\u00edticos contactados habr\u00edan dicho: Una asociaci\u00f3n de este tipo se necesitaba desde hace mucho tiempo. Solo: ProM\u00fasics Mallorca todav\u00eda carece de peso a nivel pol\u00edtico. Aunque el Ayuntamiento de Palma estaba abierto a futuras colaboraciones, la joven asociaci\u00f3n se pospuso para una fecha posterior con la sugerencia de una serie de conciertos.<\/p>\n<p><\/span><b><span style=\"background: #ffffff;\">Se buscan seguidores<\/span><\/b><span style=\"background: #ffffff;\"><br \/>Los fundadores enfatizan que ahora se trata de reclutar el mayor n\u00famero posible de miembros lo m\u00e1s r\u00e1pido posible para que su voz sea escuchada en las instituciones. En las dos primeras semanas, 33 simpatizantes se unieron al completar el formulario en l\u00ednea y transferir la contribuci\u00f3n. \u00abPero 800 sonar\u00eda completamente diferente\u00bb, dijo la presidenta. Por cierto, no es necesario ser un m\u00fasico profesional para convertirse en miembro: los amantes de la m\u00fasica tambi\u00e9n son m\u00e1s que bienvenidos. <\/p>\n<p><\/span><b><span style=\"background: #ffffff;\">Informaci\u00f3n en promusicsmallorca.org.<\/span><\/b><\/p>\n<p style=\"margin-bottom: 0cm;\"><b><span style=\"background: #ffffff;\"><\/span><\/b><\/p>\n<p>Enlace a la noticia:<a href=\"https:\/\/www.mallorcazeitung.es\/kultur\/2020\/08\/24\/promusics-mallorca-profi-musiker-kampfen\/77318.html\">https:\/\/www.mallorcazeitung.es\/kultur\/2020\/08\/24\/promusics-mallorca-profi-musiker-kampfen\/77318.html<\/a><\/p>\n<p>[\/et_pb_text][\/et_pb_column][\/et_pb_row][\/et_pb_section]<\/p>\n","protected":false},"excerpt":{"rendered":"<p>&nbsp; ProM\u00fasics Mallorca: M\u00fasicos profesionales luchan por sus derechos con una nueva Asociaci\u00f3n. Los fundadores quieren mejorar las precarias condiciones laborales y ayudar a la profesi\u00f3n a ser m\u00e1s digna.Brigitte Rohm 24\/08\/2020 | 01:00 La crisis de la corona tambi\u00e9n podr\u00eda ser un punto de inflexi\u00f3n para la cohesi\u00f3n entre los m\u00fasicos. \u00abTenemos que hacer [&hellip;]<\/p>\n","protected":false},"author":1,"featured_media":1263,"comment_status":"closed","ping_status":"open","sticky":false,"template":"","format":"standard","meta":{"_et_pb_use_builder":"on","_et_pb_old_content":"","_et_gb_content_width":"1080"},"categories":[19],"tags":[],"jetpack_featured_media_url":"https:\/\/i0.wp.com\/www.promusicsmallorca.org\/wp-content\/uploads\/2020\/08\/mallorcazeitung.jpg?fit=588%2C374&ssl=1","yoast_head":"<!-- This site is optimized with the Yoast SEO Premium plugin v15.7 - https:\/\/yoast.com\/wordpress\/plugins\/seo\/ -->\n<title>Entrevista en MallorcaZeitung - ProM\u00fasics Mallorca<\/title>\n<meta name=\"robots\" content=\"noindex, follow\" \/>\n<meta property=\"og:locale\" content=\"es_ES\" \/>\n<meta property=\"og:type\" content=\"article\" \/>\n<meta property=\"og:title\" content=\"Entrevista en MallorcaZeitung - ProM\u00fasics Mallorca\" \/>\n<meta property=\"og:description\" content=\"&nbsp; ProM\u00fasics Mallorca: M\u00fasicos profesionales luchan por sus derechos con una nueva Asociaci\u00f3n. Los fundadores quieren mejorar las precarias condiciones laborales y ayudar a la profesi\u00f3n a ser m\u00e1s digna.Brigitte Rohm 24\/08\/2020 | 01:00 La crisis de la corona tambi\u00e9n podr\u00eda ser un punto de inflexi\u00f3n para la cohesi\u00f3n entre los m\u00fasicos. &quot;Tenemos que hacer [&hellip;]\" \/>\n<meta property=\"og:url\" content=\"https:\/\/www.promusicsmallorca.org\/es\/entrevista-en-mallorcazeitung\/\" \/>\n<meta property=\"og:site_name\" content=\"ProM\u00fasics Mallorca\" \/>\n<meta property=\"article:publisher\" content=\"https:\/\/www.facebook.com\/promusicsmallorca\" \/>\n<meta property=\"article:published_time\" content=\"2020-08-13T08:58:00+00:00\" \/>\n<meta property=\"article:modified_time\" content=\"2020-09-01T13:30:54+00:00\" \/>\n<meta property=\"og:image\" content=\"https:\/\/i0.wp.com\/www.promusicsmallorca.org\/wp-content\/uploads\/2020\/08\/mallorcazeitung.jpg?fit=588%2C374&#038;ssl=1\" \/>\n\t<meta property=\"og:image:width\" content=\"588\" \/>\n\t<meta property=\"og:image:height\" content=\"374\" \/>\n<meta name=\"twitter:card\" content=\"summary_large_image\" \/>\n<meta name=\"twitter:label1\" content=\"Tiempo de lectura\">\n\t<meta name=\"twitter:data1\" content=\"5 minutos\">\n<script type=\"application\/ld+json\" class=\"yoast-schema-graph\">{\"@context\":\"https:\/\/schema.org\",\"@graph\":[{\"@type\":\"Organization\",\"@id\":\"https:\/\/www.promusicsmallorca.org\/#organization\",\"name\":\"ProM\\u00fasics Mallorca\",\"url\":\"https:\/\/www.promusicsmallorca.org\/\",\"sameAs\":[\"https:\/\/www.facebook.com\/promusicsmallorca\",\"https:\/\/www.instagram.com\/promusicsmallorca\/\",\"https:\/\/www.youtube.com\/channel\/UCWwttYA4JPovS2RZiGlHgpA\"],\"logo\":{\"@type\":\"ImageObject\",\"@id\":\"https:\/\/www.promusicsmallorca.org\/#logo\",\"inLanguage\":\"es\",\"url\":\"https:\/\/i0.wp.com\/www.promusicsmallorca.org\/wp-content\/uploads\/2021\/02\/image0.png?fit=10224%2C7725&ssl=1\",\"width\":10224,\"height\":7725,\"caption\":\"ProM\\u00fasics Mallorca\"},\"image\":{\"@id\":\"https:\/\/www.promusicsmallorca.org\/#logo\"}},{\"@type\":\"WebSite\",\"@id\":\"https:\/\/www.promusicsmallorca.org\/#website\",\"url\":\"https:\/\/www.promusicsmallorca.org\/\",\"name\":\"ProM\\u00fasics Mallorca\",\"description\":\"Associaci\\u00f3 de Professionals de la M\\u00fasica de Mallorca\",\"publisher\":{\"@id\":\"https:\/\/www.promusicsmallorca.org\/#organization\"},\"potentialAction\":[{\"@type\":\"SearchAction\",\"target\":\"https:\/\/www.promusicsmallorca.org\/?s={search_term_string}\",\"query-input\":\"required name=search_term_string\"}],\"inLanguage\":\"es\"},{\"@type\":\"ImageObject\",\"@id\":\"https:\/\/www.promusicsmallorca.org\/es\/entrevista-en-mallorcazeitung\/#primaryimage\",\"inLanguage\":\"es\",\"url\":\"https:\/\/i0.wp.com\/www.promusicsmallorca.org\/wp-content\/uploads\/2020\/08\/mallorcazeitung.jpg?fit=588%2C374&ssl=1\",\"width\":588,\"height\":374},{\"@type\":\"WebPage\",\"@id\":\"https:\/\/www.promusicsmallorca.org\/es\/entrevista-en-mallorcazeitung\/#webpage\",\"url\":\"https:\/\/www.promusicsmallorca.org\/es\/entrevista-en-mallorcazeitung\/\",\"name\":\"Entrevista en MallorcaZeitung - ProM\\u00fasics Mallorca\",\"isPartOf\":{\"@id\":\"https:\/\/www.promusicsmallorca.org\/#website\"},\"primaryImageOfPage\":{\"@id\":\"https:\/\/www.promusicsmallorca.org\/es\/entrevista-en-mallorcazeitung\/#primaryimage\"},\"datePublished\":\"2020-08-13T08:58:00+00:00\",\"dateModified\":\"2020-09-01T13:30:54+00:00\",\"inLanguage\":\"es\",\"potentialAction\":[{\"@type\":\"ReadAction\",\"target\":[\"https:\/\/www.promusicsmallorca.org\/es\/entrevista-en-mallorcazeitung\/\"]}]},{\"@type\":\"Article\",\"@id\":\"https:\/\/www.promusicsmallorca.org\/es\/entrevista-en-mallorcazeitung\/#article\",\"isPartOf\":{\"@id\":\"https:\/\/www.promusicsmallorca.org\/es\/entrevista-en-mallorcazeitung\/#webpage\"},\"author\":{\"@id\":\"https:\/\/www.promusicsmallorca.org\/#\/schema\/person\/052ee353e708e1baf72faedb6ed32589\"},\"headline\":\"Entrevista en MallorcaZeitung\",\"datePublished\":\"2020-08-13T08:58:00+00:00\",\"dateModified\":\"2020-09-01T13:30:54+00:00\",\"mainEntityOfPage\":{\"@id\":\"https:\/\/www.promusicsmallorca.org\/es\/entrevista-en-mallorcazeitung\/#webpage\"},\"publisher\":{\"@id\":\"https:\/\/www.promusicsmallorca.org\/#organization\"},\"image\":{\"@id\":\"https:\/\/www.promusicsmallorca.org\/es\/entrevista-en-mallorcazeitung\/#primaryimage\"},\"articleSection\":\"Noticias\",\"inLanguage\":\"es\"},{\"@type\":\"Person\",\"@id\":\"https:\/\/www.promusicsmallorca.org\/#\/schema\/person\/052ee353e708e1baf72faedb6ed32589\",\"name\":\"ProM\\u00fasics\",\"sameAs\":[\"https:\/\/www.promusicsmallorca.org\"]}]}<\/script>\n<!-- \/ Yoast SEO Premium plugin. -->","jetpack_sharing_enabled":true,"jetpack_shortlink":"https:\/\/wp.me\/pc8VbC-ki","_links":{"self":[{"href":"https:\/\/www.promusicsmallorca.org\/es\/wp-json\/wp\/v2\/posts\/1258"}],"collection":[{"href":"https:\/\/www.promusicsmallorca.org\/es\/wp-json\/wp\/v2\/posts"}],"about":[{"href":"https:\/\/www.promusicsmallorca.org\/es\/wp-json\/wp\/v2\/types\/post"}],"author":[{"embeddable":true,"href":"https:\/\/www.promusicsmallorca.org\/es\/wp-json\/wp\/v2\/users\/1"}],"replies":[{"embeddable":true,"href":"https:\/\/www.promusicsmallorca.org\/es\/wp-json\/wp\/v2\/comments?post=1258"}],"version-history":[{"count":0,"href":"https:\/\/www.promusicsmallorca.org\/es\/wp-json\/wp\/v2\/posts\/1258\/revisions"}],"wp:featuredmedia":[{"embeddable":true,"href":"https:\/\/www.promusicsmallorca.org\/es\/wp-json\/wp\/v2\/media\/1263"}],"wp:attachment":[{"href":"https:\/\/www.promusicsmallorca.org\/es\/wp-json\/wp\/v2\/media?parent=1258"}],"wp:term":[{"taxonomy":"category","embeddable":true,"href":"https:\/\/www.promusicsmallorca.org\/es\/wp-json\/wp\/v2\/categories?post=1258"},{"taxonomy":"post_tag","embeddable":true,"href":"https:\/\/www.promusicsmallorca.org\/es\/wp-json\/wp\/v2\/tags?post=1258"}],"curies":[{"name":"wp","href":"https:\/\/api.w.org\/{rel}","templated":true}]}}