{"id":1236,"date":"2020-08-22T10:35:00","date_gmt":"2020-08-22T10:35:00","guid":{"rendered":"https:\/\/www.promusicsmallorca.org\/?p=1236"},"modified":"2020-08-30T10:51:14","modified_gmt":"2020-08-30T10:51:14","slug":"el-semaforo-diario-de-mallorca","status":"publish","type":"post","link":"https:\/\/www.promusicsmallorca.org\/es\/el-semaforo-diario-de-mallorca\/","title":{"rendered":"El Semaforo, Diario de Mallorca"},"content":{"rendered":"<p>[et_pb_section fb_built=\u00bb1&#8243; _builder_version=\u00bb4.5.5&#8243; _module_preset=\u00bbdefault\u00bb][et_pb_row _builder_version=\u00bb4.5.5&#8243; _module_preset=\u00bbdefault\u00bb][et_pb_column type=\u00bb4_4&#8243; _builder_version=\u00bb4.5.5&#8243; _module_preset=\u00bbdefault\u00bb][et_pb_text _builder_version=\u00bb4.5.5&#8243; _module_preset=\u00bbdefault\u00bb hover_enabled=\u00bb0&#8243;]<\/p>\n<p style=\"margin-bottom: 0cm;\"><i><img loading=\"lazy\" src=\"https:\/\/i0.wp.com\/www.promusicsmallorca.org\/wp-content\/uploads\/2020\/08\/isis.jpg?resize=300%2C199&#038;ssl=1\" alt=\"\" class=\"wp-image-1239 alignnone size-medium\" style=\"display: block; margin-left: auto; margin-right: auto;\" width=\"300\" height=\"199\" data-recalc-dims=\"1\" \/><\/i><\/p>\n<p style=\"margin-bottom: 0cm; text-align: center;\"><i>Isis Apache, ayer, en Son Oms.<\/i><\/p>\n<p style=\"margin-bottom: 0cm;\">Isis \u2018Apache\u2019Montero: \u201cLos m\u00fasicos nos sentimos desamparados y olvidados\u201d<\/p>\n<p style=\"margin-bottom: 0cm;\"><em><strong>*La presidenta de la asociaci\u00f3n ProM\u00fasics Mallorca exige \u201crectificar\u201d tras la prohibici\u00f3n del Govern de cerrar los caf\u00e9s concierto y los locales de copas.<\/strong><\/em><\/p>\n<p style=\"margin-bottom: 0cm;\"><b>Llu\u00eds Hern\u00e1ndez<\/b> <i>PALMA<\/i><\/p>\n<p style=\"margin-bottom: 0cm;\">~Isis Apache, presidenta de la asociaci\u00f3n ProM\u00fasics Mallorca, habla en voz de los artistas que, a ra\u00edz de la \u00faltima prohibici\u00f3n del Govern, obligando a cerrar caf\u00e9s concierto y locales de copas, se han quedado en su gran mayor\u00eda \u201cdesamparados y totalmente olvidados\u201d sin poder trabajar.<\/p>\n<p style=\"margin-bottom: 0cm;\">\u201cCon esta decisi\u00f3n nos marginan, incluso nos estigmatizan. Parece que no somos nadie y que el m\u00fasico es el que tiene el virus. Y, de hecho, no ha habido ning\u00fan caso en un concierto que haya habido contagios. Es uno de los lugares que m\u00e1s restringen en normas de seguridad sanitarias y son justamente los locales que m\u00e1s se han volcado para hacerlo. No hay cercan\u00eda con los m\u00fasicos, el escenario est\u00e1 apartado de lo que son las mesas del p\u00fablico\u201d, remarc\u00f3 Apache.<\/p>\n<p style=\"margin-bottom: 0cm;\">La presidenta de ProM\u00fasics, adem\u00e1s, confirm\u00f3 tener cerrada una reuni\u00f3n, a principios de septiembre, con la delegada de Cultura del Govern, Catalina Solivellas, para abordar la decisi\u00f3n del ejecutivo auton\u00f3mico de cerrar los espacios donde se llevan a cabo muchos conciertos.<\/p>\n<p style=\"margin-bottom: 0cm;\">\u201cLuego, hemos enviado un escrito a la Federaci\u00f3n d\u2019Entitats Locals de les Illes Balears (FELIB) pidi\u00e9ndoles que no anulen conciertos a nivel de ayuntamientos. Y si los anulan por prevenci\u00f3n sanitaria que los paguen. Que no desv\u00eden estos presupuestos para la cultura a otros departamentos\u201d, recalc\u00f3 la artista, quien detall\u00f3 que ya son unos 60 artistas dados de alta en una asociaci\u00f3n que se cre\u00f3 el pasado mes de junio.<\/p>\n<p style=\"margin-bottom: 0cm;\">\u201cLos m\u00fasicos estaban esperando, desde hac\u00eda tiempo, una asociaci\u00f3n. Incluso las asociaciones de Menorca y Eivissa estaban esperando a que en Mallorca naciera esta agrupaci\u00f3n. En un futuro queremos organizarnos a nivel balear\u201d, contin\u00faa. \u201cY es que el sector de m\u00fasicos ha estado siempre en una situaci\u00f3n precaria laboralmente. Pero a ra\u00edz de la covid, se ha manifestado a\u00fan m\u00e1s todo. Entonces, dijimos: hasta aqu\u00ed\u201d.<\/p>\n<p style=\"margin-bottom: 0cm;\">Isis Apache, pianista de profesi\u00f3n, tampoco entiende que el BOIB, que recoge las \u00faltimas restricciones publicadas el pasado martes, el Govern incluya en el mismo nivel el cierre de los caf\u00e9s concierto y bares de copas con las <i>party boats: <\/i>\u201cEsta situaci\u00f3n tiene pinta de historia de ciencia ficci\u00f3n. No hay por d\u00f3nde cogerlo. Las personas que han decidido esto creo que no lo han pensado bien. Ante la presi\u00f3n que estamos haciendo todos, deber\u00edan rectificar. Es que c\u00f3mo nos van a comparar con las <i>party boats. <\/i>Adem\u00e1s de comparar el ocio nocturno con la m\u00fasica. No es lo mismo\u201d.<\/p>\n<p style=\"margin-bottom: 0cm;\">La pianista, por su parte, critic\u00f3 la actual situaci\u00f3n fiscal de los m\u00fasicos, motivo por el cual hicieron la asociaci\u00f3n, para \u201cpresionar a las instituciones p\u00fablicas porque no existe el estatuto del artista, que es primordial para poder regular todo el sector a nivel laboral\u201d. \u201cAhora mismo la situaci\u00f3n es precaria. Con un estatuto se regularizar\u00eda todo el sistema laboral del sector. Es complicado redactarlo porque hay muchas singularidades. Antes de la pandemia el Gobierno lo estaba redactando pero qued\u00f3 aplazado\u201d, concluye.<\/p>\n<p style=\"margin-bottom: 0cm; text-align: center;\">&lt;&lt;<i>Con el cierre de locales decretado, los m\u00fasicos no somos nadie y parece que solo nosotros tenemos el virus&gt;&gt;<\/i><\/p>\n<p style=\"margin-bottom: 0cm; text-align: center;\"><i>&lt;&lt;Nuestra situaci\u00f3n es precaria, pero con un estatuto del artista se regularizar\u00eda todo el sistema laboral&gt;&gt;<\/i><\/p>\n<p style=\"margin-bottom: 0cm; text-align: center;\"><i><\/i><\/p>\n<p style=\"margin-bottom: 0cm; text-align: center;\"><i><\/i><\/p>\n<p style=\"margin-bottom: 0cm; text-align: left;\"><i>Enlace a la noticia:<a href=\"https:\/\/www.diariodemallorca.es\/cultura\/2020\/08\/22\/isis-apache-montero-musicos-sentimos\/1532852.html\">https:\/\/www.diariodemallorca.es\/cultura\/2020\/08\/22\/isis-apache-montero-musicos-sentimos\/1532852.html<\/a><\/i><\/p>\n<p style=\"margin-bottom: 0cm; text-align: center;\"><i><\/i><\/p>\n<p>[\/et_pb_text][\/et_pb_column][\/et_pb_row][\/et_pb_section]<\/p>\n","protected":false},"excerpt":{"rendered":"<p>Isis Apache, ayer, en Son Oms. Isis \u2018Apache\u2019Montero: \u201cLos m\u00fasicos nos sentimos desamparados y olvidados\u201d *La presidenta de la asociaci\u00f3n ProM\u00fasics Mallorca exige \u201crectificar\u201d tras la prohibici\u00f3n del Govern de cerrar los caf\u00e9s concierto y los locales de copas. Llu\u00eds Hern\u00e1ndez PALMA ~Isis Apache, presidenta de la asociaci\u00f3n ProM\u00fasics Mallorca, habla en voz de los [&hellip;]<\/p>\n","protected":false},"author":1,"featured_media":1246,"comment_status":"closed","ping_status":"open","sticky":false,"template":"","format":"standard","meta":{"_et_pb_use_builder":"on","_et_pb_old_content":"","_et_gb_content_width":"1080"},"categories":[19],"tags":[],"jetpack_featured_media_url":"https:\/\/i0.wp.com\/www.promusicsmallorca.org\/wp-content\/uploads\/2020\/08\/semaforo.jpg?fit=677%2C474&ssl=1","yoast_head":"<!-- This site is optimized with the Yoast SEO Premium plugin v15.7 - https:\/\/yoast.com\/wordpress\/plugins\/seo\/ -->\n<title>El Semaforo, Diario de Mallorca - ProM\u00fasics Mallorca<\/title>\n<meta name=\"robots\" content=\"noindex, follow\" \/>\n<meta property=\"og:locale\" content=\"es_ES\" \/>\n<meta property=\"og:type\" content=\"article\" \/>\n<meta property=\"og:title\" content=\"El Semaforo, Diario de Mallorca - ProM\u00fasics Mallorca\" \/>\n<meta property=\"og:description\" content=\"Isis Apache, ayer, en Son Oms. Isis \u2018Apache\u2019Montero: \u201cLos m\u00fasicos nos sentimos desamparados y olvidados\u201d *La presidenta de la asociaci\u00f3n ProM\u00fasics Mallorca exige \u201crectificar\u201d tras la prohibici\u00f3n del Govern de cerrar los caf\u00e9s concierto y los locales de copas. Llu\u00eds Hern\u00e1ndez PALMA ~Isis Apache, presidenta de la asociaci\u00f3n ProM\u00fasics Mallorca, habla en voz de los [&hellip;]\" \/>\n<meta property=\"og:url\" content=\"https:\/\/www.promusicsmallorca.org\/es\/el-semaforo-diario-de-mallorca\/\" \/>\n<meta property=\"og:site_name\" content=\"ProM\u00fasics Mallorca\" \/>\n<meta property=\"article:publisher\" content=\"https:\/\/www.facebook.com\/promusicsmallorca\" \/>\n<meta property=\"article:published_time\" content=\"2020-08-22T10:35:00+00:00\" \/>\n<meta property=\"article:modified_time\" content=\"2020-08-30T10:51:14+00:00\" \/>\n<meta property=\"og:image\" content=\"https:\/\/i0.wp.com\/www.promusicsmallorca.org\/wp-content\/uploads\/2020\/08\/semaforo.jpg?fit=677%2C474&#038;ssl=1\" \/>\n\t<meta property=\"og:image:width\" content=\"677\" \/>\n\t<meta property=\"og:image:height\" content=\"474\" \/>\n<meta name=\"twitter:card\" content=\"summary_large_image\" \/>\n<meta name=\"twitter:label1\" content=\"Tiempo de lectura\">\n\t<meta name=\"twitter:data1\" content=\"3 minutos\">\n<script type=\"application\/ld+json\" class=\"yoast-schema-graph\">{\"@context\":\"https:\/\/schema.org\",\"@graph\":[{\"@type\":\"Organization\",\"@id\":\"https:\/\/www.promusicsmallorca.org\/#organization\",\"name\":\"ProM\\u00fasics Mallorca\",\"url\":\"https:\/\/www.promusicsmallorca.org\/\",\"sameAs\":[\"https:\/\/www.facebook.com\/promusicsmallorca\",\"https:\/\/www.instagram.com\/promusicsmallorca\/\",\"https:\/\/www.youtube.com\/channel\/UCWwttYA4JPovS2RZiGlHgpA\"],\"logo\":{\"@type\":\"ImageObject\",\"@id\":\"https:\/\/www.promusicsmallorca.org\/#logo\",\"inLanguage\":\"es\",\"url\":\"https:\/\/i0.wp.com\/www.promusicsmallorca.org\/wp-content\/uploads\/2021\/02\/image0.png?fit=10224%2C7725&ssl=1\",\"width\":10224,\"height\":7725,\"caption\":\"ProM\\u00fasics Mallorca\"},\"image\":{\"@id\":\"https:\/\/www.promusicsmallorca.org\/#logo\"}},{\"@type\":\"WebSite\",\"@id\":\"https:\/\/www.promusicsmallorca.org\/#website\",\"url\":\"https:\/\/www.promusicsmallorca.org\/\",\"name\":\"ProM\\u00fasics Mallorca\",\"description\":\"Associaci\\u00f3 de Professionals de la M\\u00fasica de Mallorca\",\"publisher\":{\"@id\":\"https:\/\/www.promusicsmallorca.org\/#organization\"},\"potentialAction\":[{\"@type\":\"SearchAction\",\"target\":\"https:\/\/www.promusicsmallorca.org\/?s={search_term_string}\",\"query-input\":\"required name=search_term_string\"}],\"inLanguage\":\"es\"},{\"@type\":\"ImageObject\",\"@id\":\"https:\/\/www.promusicsmallorca.org\/es\/el-semaforo-diario-de-mallorca\/#primaryimage\",\"inLanguage\":\"es\",\"url\":\"https:\/\/i0.wp.com\/www.promusicsmallorca.org\/wp-content\/uploads\/2020\/08\/semaforo.jpg?fit=677%2C474&ssl=1\",\"width\":677,\"height\":474},{\"@type\":\"WebPage\",\"@id\":\"https:\/\/www.promusicsmallorca.org\/es\/el-semaforo-diario-de-mallorca\/#webpage\",\"url\":\"https:\/\/www.promusicsmallorca.org\/es\/el-semaforo-diario-de-mallorca\/\",\"name\":\"El Semaforo, Diario de Mallorca - ProM\\u00fasics Mallorca\",\"isPartOf\":{\"@id\":\"https:\/\/www.promusicsmallorca.org\/#website\"},\"primaryImageOfPage\":{\"@id\":\"https:\/\/www.promusicsmallorca.org\/es\/el-semaforo-diario-de-mallorca\/#primaryimage\"},\"datePublished\":\"2020-08-22T10:35:00+00:00\",\"dateModified\":\"2020-08-30T10:51:14+00:00\",\"inLanguage\":\"es\",\"potentialAction\":[{\"@type\":\"ReadAction\",\"target\":[\"https:\/\/www.promusicsmallorca.org\/es\/el-semaforo-diario-de-mallorca\/\"]}]},{\"@type\":\"Article\",\"@id\":\"https:\/\/www.promusicsmallorca.org\/es\/el-semaforo-diario-de-mallorca\/#article\",\"isPartOf\":{\"@id\":\"https:\/\/www.promusicsmallorca.org\/es\/el-semaforo-diario-de-mallorca\/#webpage\"},\"author\":{\"@id\":\"https:\/\/www.promusicsmallorca.org\/#\/schema\/person\/052ee353e708e1baf72faedb6ed32589\"},\"headline\":\"El Semaforo, Diario de Mallorca\",\"datePublished\":\"2020-08-22T10:35:00+00:00\",\"dateModified\":\"2020-08-30T10:51:14+00:00\",\"mainEntityOfPage\":{\"@id\":\"https:\/\/www.promusicsmallorca.org\/es\/el-semaforo-diario-de-mallorca\/#webpage\"},\"publisher\":{\"@id\":\"https:\/\/www.promusicsmallorca.org\/#organization\"},\"image\":{\"@id\":\"https:\/\/www.promusicsmallorca.org\/es\/el-semaforo-diario-de-mallorca\/#primaryimage\"},\"articleSection\":\"Noticias\",\"inLanguage\":\"es\"},{\"@type\":\"Person\",\"@id\":\"https:\/\/www.promusicsmallorca.org\/#\/schema\/person\/052ee353e708e1baf72faedb6ed32589\",\"name\":\"ProM\\u00fasics\",\"sameAs\":[\"https:\/\/www.promusicsmallorca.org\"]}]}<\/script>\n<!-- \/ Yoast SEO Premium plugin. -->","jetpack_sharing_enabled":true,"jetpack_shortlink":"https:\/\/wp.me\/pc8VbC-jW","_links":{"self":[{"href":"https:\/\/www.promusicsmallorca.org\/es\/wp-json\/wp\/v2\/posts\/1236"}],"collection":[{"href":"https:\/\/www.promusicsmallorca.org\/es\/wp-json\/wp\/v2\/posts"}],"about":[{"href":"https:\/\/www.promusicsmallorca.org\/es\/wp-json\/wp\/v2\/types\/post"}],"author":[{"embeddable":true,"href":"https:\/\/www.promusicsmallorca.org\/es\/wp-json\/wp\/v2\/users\/1"}],"replies":[{"embeddable":true,"href":"https:\/\/www.promusicsmallorca.org\/es\/wp-json\/wp\/v2\/comments?post=1236"}],"version-history":[{"count":0,"href":"https:\/\/www.promusicsmallorca.org\/es\/wp-json\/wp\/v2\/posts\/1236\/revisions"}],"wp:featuredmedia":[{"embeddable":true,"href":"https:\/\/www.promusicsmallorca.org\/es\/wp-json\/wp\/v2\/media\/1246"}],"wp:attachment":[{"href":"https:\/\/www.promusicsmallorca.org\/es\/wp-json\/wp\/v2\/media?parent=1236"}],"wp:term":[{"taxonomy":"category","embeddable":true,"href":"https:\/\/www.promusicsmallorca.org\/es\/wp-json\/wp\/v2\/categories?post=1236"},{"taxonomy":"post_tag","embeddable":true,"href":"https:\/\/www.promusicsmallorca.org\/es\/wp-json\/wp\/v2\/tags?post=1236"}],"curies":[{"name":"wp","href":"https:\/\/api.w.org\/{rel}","templated":true}]}}