{"id":1212,"date":"2020-08-18T14:20:00","date_gmt":"2020-08-18T14:20:00","guid":{"rendered":"https:\/\/www.promusicsmallorca.org\/?p=1212"},"modified":"2020-08-27T14:37:13","modified_gmt":"2020-08-27T14:37:13","slug":"entrevista-en-mallorcadiario-com","status":"publish","type":"post","link":"https:\/\/www.promusicsmallorca.org\/es\/entrevista-en-mallorcadiario-com\/","title":{"rendered":"entrevista en Mallorcadiario.com"},"content":{"rendered":"\n\n[et_pb_section fb_built=\u00bb1&#8243; _builder_version=\u00bb4.5.5&#8243; _module_preset=\u00bbdefault\u00bb][et_pb_row _builder_version=\u00bb4.5.5&#8243; _module_preset=\u00bbdefault\u00bb hover_enabled=\u00bb0&#8243;][et_pb_column _builder_version=\u00bb4.5.5&#8243; _module_preset=\u00bbdefault\u00bb type=\u00bb4_4&#8243;][et_pb_text _builder_version=\u00bb4.5.5&#8243; _module_preset=\u00bbdefault\u00bb hover_enabled=\u00bb0&#8243;]<p class=\"entradilla\" itemprop=\"about\" style=\"text-align: center;\"><img loading=\"lazy\" src=\"https:\/\/i0.wp.com\/www.promusicsmallorca.org\/wp-content\/uploads\/2020\/08\/mallorcadiario.jpg?resize=300%2C169&#038;ssl=1\" alt=\"\" class=\"wp-image-1215 alignnone size-medium\" width=\"300\" height=\"169\" data-recalc-dims=\"1\" \/><\/p>\n<p>Los componentes de la Asociaci\u00f3n ProM\u00fasics Mallorca. En el centro, con el vestido verde, Isis \u00abApache\u00bb Montero.<\/p>\n<p><strong>Envuelta de m\u00fasica desde peque\u00f1a, Isis \u00abApache\u00bb Montero preside desde hace ya dos meses la reci\u00e9n creada ProM\u00fasics Mallorca, una asociaci\u00f3n sin \u00e1nimo de lucro que trabaja por los derechos de los m\u00fasicos. La pianista es especializada en latin jazz y flamenco e hija del t\u00e9cnico de sonido de Zebra. Ha estado de gira por Espa\u00f1a con Moho Project y ha actuado con el DJ Kiko Navarro. Estudi\u00f3 durante cuatro a\u00f1os en el Conservatorio de Mallorca y ha actuado tambi\u00e9n en el extranjero.<\/strong><\/p>\n<p class=\"entradilla\" itemprop=\"about\" style=\"text-align: center;\"><strong><\/strong><\/p>\n<div class=\"texto\" id=\"textoNoticia\" itemprop=\"articleBody\">\n<p>El pasado 5 de agosto se presento la Asociaci\u00f3n de Profesionales de la M\u00fasica de Mallorca, ProM\u00fasics Mallorca. Tras dos meses desde su constituci\u00f3n, la asociaci\u00f3n, que aboga por los derechos de los m\u00fasicos, con la intenci\u00f3n de \u00abdignificar su profesi\u00f3n e impulsar la m\u00fasica como actividad cultural\u00bb, cuenta hoy qui\u00e9nes son, qu\u00e9 buscan, con qui\u00e9n trabajan y qu\u00e9 dificultades est\u00e1n encontrando en el camino.<\/p>\n<p><strong>\u00bfQu\u00e9 es ProM\u00fasics Mallorca y cu\u00e1l es su objetivo?<\/strong><\/p>\n<p>Somos una organizaci\u00f3n sin \u00e1nimo de lucro que vela por defender los derechos de los m\u00fasicos, dignificar la profesi\u00f3n y promover la m\u00fasica como actividad cultural. Nuestra professi\u00f3n ha sido olvidada desde siempre, desamparada, con falta de estatutos que regulen nuestra actividad. Por esta raz\u00f3n decidimos asociarnos y presionar a las instituciones para conseguir el reconocimiento que merecen los m\u00fasicos.<\/p>\n<p><strong>\u00bfHa sido el Covid una esp\u00e9cie de ultim\u00e1tum?<\/strong><\/p>\n<p>El Covid ha manifestado todo lo que ya hab\u00eda. Nos hemos visto sin ayudas e ingresos debido al confinamiento. Por eso, hemos decidido asociarnos y tener m\u00e1s presencia en las instituciones.<\/p>\n<p>\u00abEstamos negociando con la FELIB para adaptar la ordenanza de ruido y para mantener los presupuestos establecidos para cultura\u00bb<\/p>\n<p><strong>\u00bfDe d\u00f3nde nace la iniciativa?<\/strong><\/p>\n<p>A ra\u00edz del confinamiento, mediante WhatsApp, Facebook, etc. nos pusimos en contacto y nos dimos cuenta de que estabamos en una situaci\u00f3n muy similar, en la que la falta de ingresos y de regulaci\u00f3n laboral nos estaba generando un problema. A partir de ah\u00ed, unos cuantos decidimos que era hora de actuar y nos pusimos manos a la obra.<\/p>\n<p><strong>\u00bfC\u00f3mo se puede participar o colaborar en esta iniciativa?<\/strong><\/p>\n<p>Entrando en nuestra pagina web www.promusics.org, rellenando el formulario y aportando treinta euros. De esta manera ya se forma parte de la asociaci\u00f3n y se entrega un carnet de socio con el que se pueden disfrutar de algunas ventajas en tiendas musicales, seguros u otros. Cabe destacar que para formar parte de la asociaci\u00f3n no es necesario ser m\u00fasico, pues puede participar todo aquel que tenga un v\u00ednculo con la m\u00fasica ya sea emocional o sea laboral.<\/p>\n<p><strong>\u00bfQu\u00e9 han conseguido hasta ahora?<\/strong><\/p>\n<p>Nuestra asociaci\u00f3n se puso en marcha har\u00e1 dos meses y en este periodo a hemos hecho notables avances. Hemos conseguido que el Govern Balear cambiara la normativa p\u00fablica exhimiendo a los m\u00fasicos el uso de mascarilla durante las actuaciones. Adem\u00e1s estamos negociando con la Federaci\u00f3n de Entidades Locales de las Islas Baleares (FELIB) para adaptar la ordenanza de ruido, puesto que ahora nos pone muchas dificultades para tocar. Adem\u00e1s tambi\u00e9n pedimos compromiso y respeto a los presupuestos que se destinaron a cultura.<\/p>\n<p>\u00abAl artista balear, a diferencia del peninsular, se le suma una dificultad: el moverse y promocionarse por todo el pa\u00eds\u00bb<\/p>\n<p><strong>\u00bfCuentan con la ayuda de alguna asociaci\u00f3n m\u00e1s?<\/strong><\/p>\n<p>Para unir fuerzas y tener m\u00e1s presencia trabajamos junto a la Asociaci\u00f3n de M\u00fasicos de Pollen\u00e7a, la de Menorca y la de Ibiza, adem\u00e1s de estar en contacto con la Uni\u00f3n de M\u00fasicos Profesionales a nivel estatal.<\/p>\n<p><strong>\u00bfCu\u00e1l cree que es la principal dificultad del artista balear?<\/strong><\/p>\n<p>Al artista balear, a diferencia del peninsular, se le suma una dificultad: el moverse y promocionarse por todo el pa\u00eds. En ocasiones, muchas empresas peninsulares rechazan a un m\u00fasico debido a los altos costes del desplazamiento. Por eso queremos pactar con empresas de transportes y con las instituciones para eliminar ese obst\u00e1culo.<\/p>\n<p>&nbsp;<\/p>\n<p>Enlace a la noticia:<a href=\"https:\/\/www.mallorcadiario.com\/entrevista-promusics-mallorca\">https:\/\/www.mallorcadiario.com\/entrevista-promusics-mallorca<\/a><\/p>\n<\/div>\n[\/et_pb_text][\/et_pb_column][\/et_pb_row][\/et_pb_section]\n\n","protected":false},"excerpt":{"rendered":"<p>Los componentes de la Asociaci\u00f3n ProM\u00fasics Mallorca. En el centro, con el vestido verde, Isis \u00abApache\u00bb Montero. Envuelta de m\u00fasica desde peque\u00f1a, Isis \u00abApache\u00bb Montero preside desde hace ya dos meses la reci\u00e9n creada ProM\u00fasics Mallorca, una asociaci\u00f3n sin \u00e1nimo de lucro que trabaja por los derechos de los m\u00fasicos. La pianista es especializada en [&hellip;]<\/p>\n","protected":false},"author":1,"featured_media":1222,"comment_status":"closed","ping_status":"open","sticky":false,"template":"","format":"standard","meta":{"_et_pb_use_builder":"on","_et_pb_old_content":"","_et_gb_content_width":"1080"},"categories":[19],"tags":[],"jetpack_featured_media_url":"https:\/\/i0.wp.com\/www.promusicsmallorca.org\/wp-content\/uploads\/2020\/08\/mallorcadiariolo.png?fit=600%2C600&ssl=1","yoast_head":"<!-- This site is optimized with the Yoast SEO Premium plugin v15.7 - https:\/\/yoast.com\/wordpress\/plugins\/seo\/ -->\n<title>entrevista en Mallorcadiario.com - ProM\u00fasics Mallorca<\/title>\n<meta name=\"robots\" content=\"noindex, follow\" \/>\n<meta property=\"og:locale\" content=\"es_ES\" \/>\n<meta property=\"og:type\" content=\"article\" \/>\n<meta property=\"og:title\" content=\"entrevista en Mallorcadiario.com - ProM\u00fasics Mallorca\" \/>\n<meta property=\"og:description\" content=\"Los componentes de la Asociaci\u00f3n ProM\u00fasics Mallorca. En el centro, con el vestido verde, Isis &quot;Apache&quot; Montero. Envuelta de m\u00fasica desde peque\u00f1a, Isis &quot;Apache&quot; Montero preside desde hace ya dos meses la reci\u00e9n creada ProM\u00fasics Mallorca, una asociaci\u00f3n sin \u00e1nimo de lucro que trabaja por los derechos de los m\u00fasicos. La pianista es especializada en [&hellip;]\" \/>\n<meta property=\"og:url\" content=\"https:\/\/www.promusicsmallorca.org\/es\/entrevista-en-mallorcadiario-com\/\" \/>\n<meta property=\"og:site_name\" content=\"ProM\u00fasics Mallorca\" \/>\n<meta property=\"article:publisher\" content=\"https:\/\/www.facebook.com\/promusicsmallorca\" \/>\n<meta property=\"article:published_time\" content=\"2020-08-18T14:20:00+00:00\" \/>\n<meta property=\"article:modified_time\" content=\"2020-08-27T14:37:13+00:00\" \/>\n<meta property=\"og:image\" content=\"https:\/\/i0.wp.com\/www.promusicsmallorca.org\/wp-content\/uploads\/2020\/08\/mallorcadiariolo.png?fit=600%2C600&#038;ssl=1\" \/>\n\t<meta property=\"og:image:width\" content=\"600\" \/>\n\t<meta property=\"og:image:height\" content=\"600\" \/>\n<meta name=\"twitter:card\" content=\"summary_large_image\" \/>\n<meta name=\"twitter:label1\" content=\"Tiempo de lectura\">\n\t<meta name=\"twitter:data1\" content=\"4 minutos\">\n<script type=\"application\/ld+json\" class=\"yoast-schema-graph\">{\"@context\":\"https:\/\/schema.org\",\"@graph\":[{\"@type\":\"Organization\",\"@id\":\"https:\/\/www.promusicsmallorca.org\/#organization\",\"name\":\"ProM\\u00fasics Mallorca\",\"url\":\"https:\/\/www.promusicsmallorca.org\/\",\"sameAs\":[\"https:\/\/www.facebook.com\/promusicsmallorca\",\"https:\/\/www.instagram.com\/promusicsmallorca\/\",\"https:\/\/www.youtube.com\/channel\/UCWwttYA4JPovS2RZiGlHgpA\"],\"logo\":{\"@type\":\"ImageObject\",\"@id\":\"https:\/\/www.promusicsmallorca.org\/#logo\",\"inLanguage\":\"es\",\"url\":\"https:\/\/i0.wp.com\/www.promusicsmallorca.org\/wp-content\/uploads\/2021\/02\/image0.png?fit=10224%2C7725&ssl=1\",\"width\":10224,\"height\":7725,\"caption\":\"ProM\\u00fasics Mallorca\"},\"image\":{\"@id\":\"https:\/\/www.promusicsmallorca.org\/#logo\"}},{\"@type\":\"WebSite\",\"@id\":\"https:\/\/www.promusicsmallorca.org\/#website\",\"url\":\"https:\/\/www.promusicsmallorca.org\/\",\"name\":\"ProM\\u00fasics Mallorca\",\"description\":\"Associaci\\u00f3 de Professionals de la M\\u00fasica de Mallorca\",\"publisher\":{\"@id\":\"https:\/\/www.promusicsmallorca.org\/#organization\"},\"potentialAction\":[{\"@type\":\"SearchAction\",\"target\":\"https:\/\/www.promusicsmallorca.org\/?s={search_term_string}\",\"query-input\":\"required name=search_term_string\"}],\"inLanguage\":\"es\"},{\"@type\":\"ImageObject\",\"@id\":\"https:\/\/www.promusicsmallorca.org\/es\/entrevista-en-mallorcadiario-com\/#primaryimage\",\"inLanguage\":\"es\",\"url\":\"https:\/\/i0.wp.com\/www.promusicsmallorca.org\/wp-content\/uploads\/2020\/08\/mallorcadiariolo.png?fit=600%2C600&ssl=1\",\"width\":600,\"height\":600},{\"@type\":\"WebPage\",\"@id\":\"https:\/\/www.promusicsmallorca.org\/es\/entrevista-en-mallorcadiario-com\/#webpage\",\"url\":\"https:\/\/www.promusicsmallorca.org\/es\/entrevista-en-mallorcadiario-com\/\",\"name\":\"entrevista en Mallorcadiario.com - ProM\\u00fasics Mallorca\",\"isPartOf\":{\"@id\":\"https:\/\/www.promusicsmallorca.org\/#website\"},\"primaryImageOfPage\":{\"@id\":\"https:\/\/www.promusicsmallorca.org\/es\/entrevista-en-mallorcadiario-com\/#primaryimage\"},\"datePublished\":\"2020-08-18T14:20:00+00:00\",\"dateModified\":\"2020-08-27T14:37:13+00:00\",\"inLanguage\":\"es\",\"potentialAction\":[{\"@type\":\"ReadAction\",\"target\":[\"https:\/\/www.promusicsmallorca.org\/es\/entrevista-en-mallorcadiario-com\/\"]}]},{\"@type\":\"Article\",\"@id\":\"https:\/\/www.promusicsmallorca.org\/es\/entrevista-en-mallorcadiario-com\/#article\",\"isPartOf\":{\"@id\":\"https:\/\/www.promusicsmallorca.org\/es\/entrevista-en-mallorcadiario-com\/#webpage\"},\"author\":{\"@id\":\"https:\/\/www.promusicsmallorca.org\/#\/schema\/person\/052ee353e708e1baf72faedb6ed32589\"},\"headline\":\"entrevista en Mallorcadiario.com\",\"datePublished\":\"2020-08-18T14:20:00+00:00\",\"dateModified\":\"2020-08-27T14:37:13+00:00\",\"mainEntityOfPage\":{\"@id\":\"https:\/\/www.promusicsmallorca.org\/es\/entrevista-en-mallorcadiario-com\/#webpage\"},\"publisher\":{\"@id\":\"https:\/\/www.promusicsmallorca.org\/#organization\"},\"image\":{\"@id\":\"https:\/\/www.promusicsmallorca.org\/es\/entrevista-en-mallorcadiario-com\/#primaryimage\"},\"articleSection\":\"Noticias\",\"inLanguage\":\"es\"},{\"@type\":\"Person\",\"@id\":\"https:\/\/www.promusicsmallorca.org\/#\/schema\/person\/052ee353e708e1baf72faedb6ed32589\",\"name\":\"ProM\\u00fasics\",\"sameAs\":[\"https:\/\/www.promusicsmallorca.org\"]}]}<\/script>\n<!-- \/ Yoast SEO Premium plugin. -->","jetpack_sharing_enabled":true,"jetpack_shortlink":"https:\/\/wp.me\/pc8VbC-jy","_links":{"self":[{"href":"https:\/\/www.promusicsmallorca.org\/es\/wp-json\/wp\/v2\/posts\/1212"}],"collection":[{"href":"https:\/\/www.promusicsmallorca.org\/es\/wp-json\/wp\/v2\/posts"}],"about":[{"href":"https:\/\/www.promusicsmallorca.org\/es\/wp-json\/wp\/v2\/types\/post"}],"author":[{"embeddable":true,"href":"https:\/\/www.promusicsmallorca.org\/es\/wp-json\/wp\/v2\/users\/1"}],"replies":[{"embeddable":true,"href":"https:\/\/www.promusicsmallorca.org\/es\/wp-json\/wp\/v2\/comments?post=1212"}],"version-history":[{"count":0,"href":"https:\/\/www.promusicsmallorca.org\/es\/wp-json\/wp\/v2\/posts\/1212\/revisions"}],"wp:featuredmedia":[{"embeddable":true,"href":"https:\/\/www.promusicsmallorca.org\/es\/wp-json\/wp\/v2\/media\/1222"}],"wp:attachment":[{"href":"https:\/\/www.promusicsmallorca.org\/es\/wp-json\/wp\/v2\/media?parent=1212"}],"wp:term":[{"taxonomy":"category","embeddable":true,"href":"https:\/\/www.promusicsmallorca.org\/es\/wp-json\/wp\/v2\/categories?post=1212"},{"taxonomy":"post_tag","embeddable":true,"href":"https:\/\/www.promusicsmallorca.org\/es\/wp-json\/wp\/v2\/tags?post=1212"}],"curies":[{"name":"wp","href":"https:\/\/api.w.org\/{rel}","templated":true}]}}