{"id":1091,"date":"2020-08-05T13:18:00","date_gmt":"2020-08-05T13:18:00","guid":{"rendered":"https:\/\/www.promusicsmallorca.org\/?p=1091"},"modified":"2021-02-04T23:57:22","modified_gmt":"2021-02-04T23:57:22","slug":"acto-de-presentacion","status":"publish","type":"post","link":"https:\/\/www.promusicsmallorca.org\/es\/acto-de-presentacion\/","title":{"rendered":"Acto de presentaci\u00f3n"},"content":{"rendered":"<p>[et_pb_section fb_built=\u00bb1&#8243; _builder_version=\u00bb4.4.8&#8243;][et_pb_row _builder_version=\u00bb4.4.8&#8243;][et_pb_column type=\u00bb4_4&#8243; _builder_version=\u00bb4.4.8&#8243;][et_pb_gallery gallery_ids=\u00bb1098,1096,1094&#8243; show_title_and_caption=\u00bboff\u00bb show_pagination=\u00bboff\u00bb _builder_version=\u00bb4.4.8&#8243;][\/et_pb_gallery][\/et_pb_column][\/et_pb_row][et_pb_row _builder_version=\u00bb4.4.8&#8243;][et_pb_column type=\u00bb4_4&#8243; _builder_version=\u00bb4.4.8&#8243;][et_pb_text _builder_version=\u00bb4.4.8&#8243;]<\/p>\n<p><span style=\"font-family: arial,'helvetica neue',helvetica,sans-serif;\"><strong><span style=\"font-size: large;\" size=\"4\">Nace\u00a0ProM\u00fasics Mallorca, asociaci\u00f3n\u00a0para la defensa de los derechos de los m\u00fasicos de la isla<\/span><\/strong><\/span><\/p>\n<p>La Asociaci\u00f3n de Profesionales de la M\u00fasica de Mallorca, ProM\u00fasics Mallorca, se present\u00f3 hoy a la prensa especializada, dos meses despu\u00e9s de su constituci\u00f3n. Esta entidad ha sido creada para defender los derechos de las y los m\u00fasicos, dignificar su profesi\u00f3n e impulsar la difusi\u00f3n de la m\u00fasica como actividad cultural.<\/p>\n<p>El acto de presentaci\u00f3n ha contado con la presencia de toda la junta directiva de ProM\u00fasics Mallorca, encabezada por su presidenta, Isis \u00abApache\u00bb Montero; Pep Estrada, como vicepresidente; Desir\u00e9e Duran y Carlos Mancera, como secretarios y tesoreros. Los vocales son Ignacio Sim\u00f3n-Orpi, Tolo Servera, To\u00f1o M\u00e1rquez, Diego Ferral, Benji Habichuela y Vicente Borr\u00e1s.<\/p>\n<p>Prom\u00fasics Mallorca nace de la necesidad de ver representado el colectivo de profesionales de la m\u00fasica en Mallorca. Despu\u00e9s de a\u00f1os de falta de conciencia colectiva en el mundo de la m\u00fasica, la crisis de la Covid-19 ha puesto de manifiesto, una vez m\u00e1s, la indefensi\u00f3n, falta de representaci\u00f3n y olvido que sufren los profesionales de la m\u00fasica.<\/p>\n<p>Por ello esta asociaci\u00f3n sin \u00e1nimo de lucro quiere luchar con todas las fuerzas para conseguir dignificar la profesi\u00f3n a todos los niveles. Y los primeros pasos no se han hecho esperar. La reuni\u00f3n con asociaciones de m\u00fasicos isle\u00f1os han dado los primeros frutos. \u00abEn los solo dos meses que llevamos constituidos, hemos conseguido ya unos primeros logros, como que el Gobierno balear modificas la normativa publicada ra\u00edz de la crisis sanitaria de la Covid-19 y eximiera a los m\u00fasicos del uso de mascarillas durante las actuaciones. Una demanda hecha por ProM\u00fasics Mallorca, la Asociaci\u00f3n de M\u00fasicos de Pollen\u00e7a, la Asociaci\u00f3n de M\u00fasicos de Eivissa y la Asociaci\u00f3n de M\u00fasicos de Menorca\u00bb, explica la presidenta, Isis\u00bb Apache \u00abMontero.<\/p>\n<p>Tambi\u00e9n conjuntamente con la Asociaci\u00f3n de M\u00fasicos de Pollen\u00e7a, se ha acordado con la Federaci\u00f3n de Municipios de Mallorca, el env\u00edo a todos los ayuntamientos una adaptaci\u00f3n a la ordenanza de ruido. Asimismo, se ha pedido el compromiso de respetar los presupuestos que ten\u00edan destinados a Cultura y los eventos de m\u00fasica para este a\u00f1o, y que estos no se deriven a otros departamentos.<\/p>\n<p>Asimismo, ProM\u00fasics Mallorca ha reunido con asociaciones y plataformas de \u00e1mbito estatal, como es el caso de la Uni\u00f3n de M\u00fasicos Profesionales (UMP), para trabajar en coordinaci\u00f3n con sus l\u00edneas directrices.<\/p>\n<p>Por su parte, el vicepresidente de la entidad, Pep Estrada, ha subrayado la importancia de esta nueva asociaci\u00f3n y de la necesidad de un conseguir un gran n\u00famero de asociados \u00abpara hacer m\u00e1s presi\u00f3n y fuerza a la hora de defender derechos de las y los m\u00fasicos profesionales y ejercer de interlocutores ante el gobierno central, gobiernos auton\u00f3micos y municipales, as\u00ed como ante entes sociales y empresariales, y entre otras cosas conseguir un nuevo marco legislativo que refleje la realidad de esta profesi\u00f3n, mediante el desarrollo del Estatuto del Artista\u00bb.<\/p>\n<p>\u00abEs necesario tambi\u00e9n trabajar a fondo en los problemas espec\u00edficos que tenemos en Mallorca y promover la cultura en la isla, fomentando y colaborando con iniciativas culturales, consiguiendo subvenciones y apoyos de los ayuntamientos para que se realicen m\u00e1s conciertos tanto en espacios p\u00fablicos como en locales, bares, clubes, etc. para favorecer la integraci\u00f3n de las y los profesionales de la m\u00fasica en la vida cultural de la zona\u00bb, en palabras de uno de los vocales de Prom\u00fasics Mallorca, Ignacio Sim\u00f3n-Orpi.<\/p>\n<p>Seg\u00fan explic\u00f3 la tesorera y secretaria, Desir\u00e9e Duran, ProM\u00fasics Mallorca es una asociaci\u00f3n abierta y pueden afiliarse \u00abtodas las personas que tengan como actividad profesional la m\u00fasica, pero tambi\u00e9n aquellas que estudien, trabajen o sientan inter\u00e9s sobre esta actividad profesional\u00bb. Para ser socio se debe rellenar los datos del formulario en la p\u00e1gina web <a href=\"http:\/\/www.promusicsmallorca.org\" target=\"_blank\" rel=\"noopener noreferrer\">www.promusicsmallorca.org<\/a> y hacer un ingreso en la cuenta de COLONYA CAJA POLLEN\u00c7A, con IBAN: ES94 2056 0004 4220 6861 5729 haciendo constar, tu nombre completo y DNI en el concepto. La cuota es de 60 \u20ac anuales. Este 2,020 solo se abonar\u00e1 la cuota de 30 \u20ac correspondiente a la mitad de a\u00f1o.<span style=\"font-size: 13px;\"><span style=\"font-family: arial,helvetica neue,helvetica,sans-serif;\"> <\/span><\/span><\/p>\n<p><span style=\"font-size: 13px;\"><span style=\"font-family: arial,helvetica neue,helvetica,sans-serif;\"><\/span><\/span><\/p>\n<p>[\/et_pb_text][\/et_pb_column][\/et_pb_row][et_pb_row column_structure=\u00bb1_2,1_2&#8243; _builder_version=\u00bb4.4.8&#8243;][et_pb_column type=\u00bb1_2&#8243; _builder_version=\u00bb4.4.8&#8243;][et_pb_video src=\u00bbhttps:\/\/www.promusicsmallorca.org\/wp-content\/uploads\/2020\/08\/PROMUSICS20200805-IB3-Not\u00edcies.mp4&#8243; thumbnail_overlay_color=\u00bbrgba(0,0,0,0.6)\u00bb admin_label=\u00bbNoticies, IB3&#8243; _builder_version=\u00bb4.4.8&#8243;][\/et_pb_video][et_pb_text _builder_version=\u00bb4.4.8&#8243; custom_padding=\u00bb||0px|||\u00bb]<\/p>\n<h1 style=\"text-align: center;\">Noticies, IB3<\/h1>\n<p>[\/et_pb_text][\/et_pb_column][et_pb_column type=\u00bb1_2&#8243; _builder_version=\u00bb4.4.8&#8243;][et_pb_video src=\u00bbhttps:\/\/www.promusicsmallorca.org\/wp-content\/uploads\/2020\/08\/PROMUSICS20200805_TVE_Informatiu-Balear.mp4&#8243; _builder_version=\u00bb4.7.7&#8243;][\/et_pb_video][et_pb_text _builder_version=\u00bb4.4.8&#8243;]<\/p>\n<h1 style=\"text-align: center;\">Informatiu Balear, TVE<\/h1>\n<p>[\/et_pb_text][\/et_pb_column][\/et_pb_row][\/et_pb_section]<\/p>\n","protected":false},"excerpt":{"rendered":"<p>Nace\u00a0ProM\u00fasics Mallorca, asociaci\u00f3n\u00a0para la defensa de los derechos de los m\u00fasicos de la isla La Asociaci\u00f3n de Profesionales de la M\u00fasica de Mallorca, ProM\u00fasics Mallorca, se present\u00f3 hoy a la prensa especializada, dos meses despu\u00e9s de su constituci\u00f3n. Esta entidad ha sido creada para defender los derechos de las y los m\u00fasicos, dignificar su profesi\u00f3n [&hellip;]<\/p>\n","protected":false},"author":1,"featured_media":1094,"comment_status":"closed","ping_status":"closed","sticky":false,"template":"","format":"standard","meta":{"_et_pb_use_builder":"on","_et_pb_old_content":"","_et_gb_content_width":"1080"},"categories":[19],"tags":[],"jetpack_featured_media_url":"https:\/\/i0.wp.com\/www.promusicsmallorca.org\/wp-content\/uploads\/2020\/08\/IMG_20200805_124336-scaled.jpg?fit=2560%2C1262&ssl=1","yoast_head":"<!-- This site is optimized with the Yoast SEO Premium plugin v15.7 - https:\/\/yoast.com\/wordpress\/plugins\/seo\/ -->\n<title>Acto de presentaci\u00f3n - ProM\u00fasics Mallorca<\/title>\n<meta name=\"robots\" content=\"noindex, follow\" \/>\n<meta property=\"og:locale\" content=\"es_ES\" \/>\n<meta property=\"og:type\" content=\"article\" \/>\n<meta property=\"og:title\" content=\"Acto de presentaci\u00f3n - ProM\u00fasics Mallorca\" \/>\n<meta property=\"og:description\" content=\"Nace\u00a0ProM\u00fasics Mallorca, asociaci\u00f3n\u00a0para la defensa de los derechos de los m\u00fasicos de la isla La Asociaci\u00f3n de Profesionales de la M\u00fasica de Mallorca, ProM\u00fasics Mallorca, se present\u00f3 hoy a la prensa especializada, dos meses despu\u00e9s de su constituci\u00f3n. Esta entidad ha sido creada para defender los derechos de las y los m\u00fasicos, dignificar su profesi\u00f3n [&hellip;]\" \/>\n<meta property=\"og:url\" content=\"https:\/\/www.promusicsmallorca.org\/es\/acto-de-presentacion\/\" \/>\n<meta property=\"og:site_name\" content=\"ProM\u00fasics Mallorca\" \/>\n<meta property=\"article:publisher\" content=\"https:\/\/www.facebook.com\/promusicsmallorca\" \/>\n<meta property=\"article:published_time\" content=\"2020-08-05T13:18:00+00:00\" \/>\n<meta property=\"article:modified_time\" content=\"2021-02-04T23:57:22+00:00\" \/>\n<meta property=\"og:image\" content=\"https:\/\/i0.wp.com\/www.promusicsmallorca.org\/wp-content\/uploads\/2020\/08\/IMG_20200805_124336-scaled.jpg?fit=2560%2C1262&#038;ssl=1\" \/>\n\t<meta property=\"og:image:width\" content=\"2560\" \/>\n\t<meta property=\"og:image:height\" content=\"1262\" \/>\n<meta name=\"twitter:card\" content=\"summary_large_image\" \/>\n<meta name=\"twitter:label1\" content=\"Tiempo de lectura\">\n\t<meta name=\"twitter:data1\" content=\"5 minutos\">\n<script type=\"application\/ld+json\" class=\"yoast-schema-graph\">{\"@context\":\"https:\/\/schema.org\",\"@graph\":[{\"@type\":\"Organization\",\"@id\":\"https:\/\/www.promusicsmallorca.org\/#organization\",\"name\":\"ProM\\u00fasics Mallorca\",\"url\":\"https:\/\/www.promusicsmallorca.org\/\",\"sameAs\":[\"https:\/\/www.facebook.com\/promusicsmallorca\",\"https:\/\/www.instagram.com\/promusicsmallorca\/\",\"https:\/\/www.youtube.com\/channel\/UCWwttYA4JPovS2RZiGlHgpA\"],\"logo\":{\"@type\":\"ImageObject\",\"@id\":\"https:\/\/www.promusicsmallorca.org\/#logo\",\"inLanguage\":\"es\",\"url\":\"https:\/\/i0.wp.com\/www.promusicsmallorca.org\/wp-content\/uploads\/2021\/02\/image0.png?fit=10224%2C7725&ssl=1\",\"width\":10224,\"height\":7725,\"caption\":\"ProM\\u00fasics Mallorca\"},\"image\":{\"@id\":\"https:\/\/www.promusicsmallorca.org\/#logo\"}},{\"@type\":\"WebSite\",\"@id\":\"https:\/\/www.promusicsmallorca.org\/#website\",\"url\":\"https:\/\/www.promusicsmallorca.org\/\",\"name\":\"ProM\\u00fasics Mallorca\",\"description\":\"Associaci\\u00f3 de Professionals de la M\\u00fasica de Mallorca\",\"publisher\":{\"@id\":\"https:\/\/www.promusicsmallorca.org\/#organization\"},\"potentialAction\":[{\"@type\":\"SearchAction\",\"target\":\"https:\/\/www.promusicsmallorca.org\/?s={search_term_string}\",\"query-input\":\"required name=search_term_string\"}],\"inLanguage\":\"es\"},{\"@type\":\"ImageObject\",\"@id\":\"https:\/\/www.promusicsmallorca.org\/es\/acto-de-presentacion\/#primaryimage\",\"inLanguage\":\"es\",\"url\":\"https:\/\/i0.wp.com\/www.promusicsmallorca.org\/wp-content\/uploads\/2020\/08\/IMG_20200805_124336-scaled.jpg?fit=2560%2C1262&ssl=1\",\"width\":2560,\"height\":1262},{\"@type\":\"WebPage\",\"@id\":\"https:\/\/www.promusicsmallorca.org\/es\/acto-de-presentacion\/#webpage\",\"url\":\"https:\/\/www.promusicsmallorca.org\/es\/acto-de-presentacion\/\",\"name\":\"Acto de presentaci\\u00f3n - ProM\\u00fasics Mallorca\",\"isPartOf\":{\"@id\":\"https:\/\/www.promusicsmallorca.org\/#website\"},\"primaryImageOfPage\":{\"@id\":\"https:\/\/www.promusicsmallorca.org\/es\/acto-de-presentacion\/#primaryimage\"},\"datePublished\":\"2020-08-05T13:18:00+00:00\",\"dateModified\":\"2021-02-04T23:57:22+00:00\",\"inLanguage\":\"es\",\"potentialAction\":[{\"@type\":\"ReadAction\",\"target\":[\"https:\/\/www.promusicsmallorca.org\/es\/acto-de-presentacion\/\"]}]},{\"@type\":\"Article\",\"@id\":\"https:\/\/www.promusicsmallorca.org\/es\/acto-de-presentacion\/#article\",\"isPartOf\":{\"@id\":\"https:\/\/www.promusicsmallorca.org\/es\/acto-de-presentacion\/#webpage\"},\"author\":{\"@id\":\"https:\/\/www.promusicsmallorca.org\/#\/schema\/person\/052ee353e708e1baf72faedb6ed32589\"},\"headline\":\"Acto de presentaci\\u00f3n\",\"datePublished\":\"2020-08-05T13:18:00+00:00\",\"dateModified\":\"2021-02-04T23:57:22+00:00\",\"mainEntityOfPage\":{\"@id\":\"https:\/\/www.promusicsmallorca.org\/es\/acto-de-presentacion\/#webpage\"},\"publisher\":{\"@id\":\"https:\/\/www.promusicsmallorca.org\/#organization\"},\"image\":{\"@id\":\"https:\/\/www.promusicsmallorca.org\/es\/acto-de-presentacion\/#primaryimage\"},\"articleSection\":\"Noticias\",\"inLanguage\":\"es\"},{\"@type\":\"Person\",\"@id\":\"https:\/\/www.promusicsmallorca.org\/#\/schema\/person\/052ee353e708e1baf72faedb6ed32589\",\"name\":\"ProM\\u00fasics\",\"sameAs\":[\"https:\/\/www.promusicsmallorca.org\"]}]}<\/script>\n<!-- \/ Yoast SEO Premium plugin. -->","jetpack_sharing_enabled":true,"jetpack_shortlink":"https:\/\/wp.me\/pc8VbC-hB","_links":{"self":[{"href":"https:\/\/www.promusicsmallorca.org\/es\/wp-json\/wp\/v2\/posts\/1091"}],"collection":[{"href":"https:\/\/www.promusicsmallorca.org\/es\/wp-json\/wp\/v2\/posts"}],"about":[{"href":"https:\/\/www.promusicsmallorca.org\/es\/wp-json\/wp\/v2\/types\/post"}],"author":[{"embeddable":true,"href":"https:\/\/www.promusicsmallorca.org\/es\/wp-json\/wp\/v2\/users\/1"}],"replies":[{"embeddable":true,"href":"https:\/\/www.promusicsmallorca.org\/es\/wp-json\/wp\/v2\/comments?post=1091"}],"version-history":[{"count":0,"href":"https:\/\/www.promusicsmallorca.org\/es\/wp-json\/wp\/v2\/posts\/1091\/revisions"}],"wp:featuredmedia":[{"embeddable":true,"href":"https:\/\/www.promusicsmallorca.org\/es\/wp-json\/wp\/v2\/media\/1094"}],"wp:attachment":[{"href":"https:\/\/www.promusicsmallorca.org\/es\/wp-json\/wp\/v2\/media?parent=1091"}],"wp:term":[{"taxonomy":"category","embeddable":true,"href":"https:\/\/www.promusicsmallorca.org\/es\/wp-json\/wp\/v2\/categories?post=1091"},{"taxonomy":"post_tag","embeddable":true,"href":"https:\/\/www.promusicsmallorca.org\/es\/wp-json\/wp\/v2\/tags?post=1091"}],"curies":[{"name":"wp","href":"https:\/\/api.w.org\/{rel}","templated":true}]}}