{"id":1,"date":"2020-06-12T11:05:04","date_gmt":"2020-06-12T11:05:04","guid":{"rendered":"http:\/\/promusicsmallorca.org\/?p=1"},"modified":"2020-07-20T23:20:23","modified_gmt":"2020-07-20T23:20:23","slug":"nace-la-asociacion-de-musicos-profesionales-de-mallorca","status":"publish","type":"post","link":"https:\/\/www.promusicsmallorca.org\/es\/nace-la-asociacion-de-musicos-profesionales-de-mallorca\/","title":{"rendered":"Nace la Asociaci\u00f3n de M\u00fasicos Profesionales de Mallorca"},"content":{"rendered":"<p>[et_pb_section fb_built=\u00bb1&#8243; admin_label=\u00bbsection\u00bb _builder_version=\u00bb3.22&#8243; custom_padding=\u00bb||0px|||\u00bb][et_pb_row admin_label=\u00bbrow\u00bb _builder_version=\u00bb3.25&#8243; background_size=\u00bbinitial\u00bb background_position=\u00bbtop_left\u00bb background_repeat=\u00bbrepeat\u00bb min_height=\u00bb592px\u00bb custom_margin=\u00bb-90px|auto||auto||\u00bb custom_padding=\u00bb||0px|||\u00bb][et_pb_column type=\u00bb4_4&#8243; _builder_version=\u00bb3.25&#8243; custom_padding=\u00bb|||\u00bb custom_padding__hover=\u00bb|||\u00bb][et_pb_text admin_label=\u00bbText\u00bb _builder_version=\u00bb4.4.8&#8243; background_size=\u00bbinitial\u00bb background_position=\u00bbtop_left\u00bb background_repeat=\u00bbrepeat\u00bb min_height=\u00bb619px\u00bb custom_margin=\u00bb||-83px|||\u00bb custom_padding=\u00bb||0px|||\u00bb hover_enabled=\u00bb0&#8243;]<\/p>\n<p><!-- divi:heading --><\/p>\n<h2>\u00abDebemos presionar a las instituciones para acabar con nuestra precariedad laboral\u00bb, se\u00f1alan<\/h2>\n<p><!-- \/divi:heading --><\/p>\n<p><!-- divi:paragraph -->La Asociaci\u00f3n de M\u00fasicos Profesionales de Mallorca, ProM\u00fasics Mallorca, acaba de constituirse. \u00abNos ha concienciado la situaci\u00f3n tan inestable en la que nos encontramos y creemos que debemos presionar a las instituciones para acabar con nuestra precariedad laboral\u00bb, explican en su perfil de Facebook. La presidenta es Isis \u00abApache\u00bb Montero. El vicepresidente, Pep Estrada. Tambi\u00e9n est\u00e1n en la junta Desir\u00e9e Dur\u00e1n y Carlitos Marr\u00f3n. Los vocales son Tolo Servera, Ignacio Sim\u00f3, To\u00f1o M\u00e1rquez, Diego Ferral, Benji Habichuela y Vicen\u00e7 Borr\u00e0s.<\/p>\n<p><!-- \/divi:paragraph --><\/p>\n<p><!-- divi:paragraph -->Entre muchos puntos por los que van a luchar, destacan los siguientes: Modificar la actual legislaci\u00f3n y conseguir un marco laboral y fiscal comparable al de otros pa\u00edses. Conseguir una legislaci\u00f3n a nivel estatal que proteja a los m\u00fasicos y tenga en cuenta la intermitencias, la especificidad, las compatibilidades y el furtivismo en esta profesi\u00f3n. Conseguir y estipular un cach\u00e9 m\u00ednimo, trabajar sobre el intrusismo, promover la cultura dentro de Mallorca y tratar los problemas espec\u00edficos que tenemos los m\u00fasicos de la isla.<!-- divi:paragraph --><img loading=\"lazy\" src=\"https:\/\/i0.wp.com\/www.promusicsmallorca.org\/wp-content\/uploads\/2020\/06\/Logo-2-Negativo.jpg?resize=300%2C227&#038;ssl=1\" alt=\"\" class=\"wp-image-42 alignnone size-medium\" style=\"display: block; margin-left: auto; margin-right: auto;\" width=\"300\" height=\"227\" data-recalc-dims=\"1\" \/><\/p>\n<p><!-- \/divi:paragraph --><\/p>\n<p><!-- \/divi:paragraph --><\/p>\n<p><!-- divi:paragraph -->Articulo original<\/p>\n<p><!-- \/divi:paragraph --><\/p>\n<p><!-- divi:paragraph --><a href=\"https:\/\/www.diariodemallorca.es\/cultura\/2020\/06\/12\/nace-asociacion-musicos-profesionales-mallorca\/1515879.html?fbclid=IwAR0_A8fPWqjXSH13INFPoGxhywD9sm4UKxDVfz7HOdjGdt2Y224H-zQjPAo\" target=\"_blank\" rel=\"noopener noreferrer\">https:\/\/www.diariodemallorca.es\/cultura\/2020\/06\/12\/nace-asociacion-musicos-profesionales-mallorca\/1515879.html?fbclid=IwAR0_A8fPWqjXSH13INFPoGxhywD9sm4UKxDVfz7HOdjGdt2Y224H-zQjPAo<\/a><\/p>\n<p>&nbsp;<\/p>\n<p>&nbsp;<\/p>\n<p>&nbsp;<\/p>\n<p>&nbsp;<\/p>\n<p><!-- \/divi:paragraph --><\/p>\n<p><!-- divi:paragraph --><\/p>\n<p><!-- \/divi:paragraph --><\/p>\n<p>[\/et_pb_text][\/et_pb_column][\/et_pb_row][\/et_pb_section]<\/p>\n","protected":false},"excerpt":{"rendered":"<p>\u00abDebemos presionar a las instituciones para acabar con nuestra precariedad laboral\u00bb, se\u00f1alan La Asociaci\u00f3n de M\u00fasicos Profesionales de Mallorca, ProM\u00fasics Mallorca, acaba de constituirse. \u00abNos ha concienciado la situaci\u00f3n tan inestable en la que nos encontramos y creemos que debemos presionar a las instituciones para acabar con nuestra precariedad laboral\u00bb, explican en su perfil de [&hellip;]<\/p>\n","protected":false},"author":1,"featured_media":460,"comment_status":"closed","ping_status":"open","sticky":false,"template":"","format":"standard","meta":{"_et_pb_use_builder":"on","_et_pb_old_content":"<!-- wp:heading -->\n<h2>\"Debemos presionar a las instituciones para acabar con nuestra precariedad laboral\", se\u00f1alan<\/h2>\n<!-- \/wp:heading -->\n\n<!-- wp:paragraph -->\n<p>La Asociaci\u00f3n de M\u00fasicos Profesionales de Mallorca, ProM\u00fasics Mallorca, acaba de constituirse. \"Nos ha concienciado la situaci\u00f3n tan inestable en la que nos encontramos y creemos que debemos presionar a las instituciones para acabar con nuestra precariedad laboral\", explican en su perfil de Facebook. La presidenta es Isis \"Apache\" Montero. El vicepresidente, Pep Estrada. Tambi\u00e9n est\u00e1n en la junta Desir\u00e9e Dur\u00e1n y Carlitos Marr\u00f3n. Los vocales son Tolo Servera, Ignacio Sim\u00f3, To\u00f1o M\u00e1rquez, Diego Ferral, Benji Habichuela y Vicen\u00e7 Borr\u00e0s.<\/p>\n<!-- \/wp:paragraph -->\n\n<!-- wp:paragraph -->\n<p>Entre muchos puntos por los que van a luchar, destacan los siguientes: Modificar la actual legislaci\u00f3n y conseguir un marco laboral y fiscal comparable al de otros pa\u00edses. Conseguir una legislaci\u00f3n a nivel estatal que proteja a los m\u00fasicos y tenga en cuenta la intermitencias, la especificidad, las compatibilidades y el furtivismo en esta profesi\u00f3n. Conseguir y estipular un cach\u00e9 m\u00ednimo, trabajar sobre el intrusismo, promover la cultura dentro de Mallorca y tratar los problemas espec\u00edficos que tenemos los m\u00fasicos de la isla.<\/p>\n<!-- \/wp:paragraph -->\n\n<!-- wp:paragraph -->\n<p><\/p>\n<!-- \/wp:paragraph -->\n\n<!-- wp:paragraph -->\n<p>Articulo original<\/p>\n<!-- \/wp:paragraph -->\n\n<!-- wp:paragraph -->\n<p><a href=\"https:\/\/www.diariodemallorca.es\/cultura\/2020\/06\/12\/nace-asociacion-musicos-profesionales-mallorca\/1515879.html?fbclid=IwAR0_A8fPWqjXSH13INFPoGxhywD9sm4UKxDVfz7HOdjGdt2Y224H-zQjPAo\">https:\/\/www.diariodemallorca.es\/cultura\/2020\/06\/12\/nace-asociacion-musicos-profesionales-mallorca\/1515879.html?fbclid=IwAR0_A8fPWqjXSH13INFPoGxhywD9sm4UKxDVfz7HOdjGdt2Y224H-zQjPAo<\/a><\/p>\n<!-- \/wp:paragraph -->\n\n<!-- wp:paragraph -->\n<p><\/p>\n<!-- \/wp:paragraph -->","_et_gb_content_width":"1080"},"categories":[19],"tags":[],"jetpack_featured_media_url":"https:\/\/i0.wp.com\/www.promusicsmallorca.org\/wp-content\/uploads\/2020\/06\/Anotaci\u00f3n-2020-06-27-195257-1.jpg?fit=498%2C334&ssl=1","yoast_head":"<!-- This site is optimized with the Yoast SEO Premium plugin v15.7 - https:\/\/yoast.com\/wordpress\/plugins\/seo\/ -->\n<title>Nace la Asociaci\u00f3n de M\u00fasicos Profesionales de Mallorca - ProM\u00fasics Mallorca<\/title>\n<meta name=\"robots\" content=\"noindex, follow\" \/>\n<meta property=\"og:locale\" content=\"es_ES\" \/>\n<meta property=\"og:type\" content=\"article\" \/>\n<meta property=\"og:title\" content=\"Nace la Asociaci\u00f3n de M\u00fasicos Profesionales de Mallorca - ProM\u00fasics Mallorca\" \/>\n<meta property=\"og:description\" content=\"&quot;Debemos presionar a las instituciones para acabar con nuestra precariedad laboral&quot;, se\u00f1alan La Asociaci\u00f3n de M\u00fasicos Profesionales de Mallorca, ProM\u00fasics Mallorca, acaba de constituirse. &quot;Nos ha concienciado la situaci\u00f3n tan inestable en la que nos encontramos y creemos que debemos presionar a las instituciones para acabar con nuestra precariedad laboral&quot;, explican en su perfil de [&hellip;]\" \/>\n<meta property=\"og:url\" content=\"https:\/\/www.promusicsmallorca.org\/es\/nace-la-asociacion-de-musicos-profesionales-de-mallorca\/\" \/>\n<meta property=\"og:site_name\" content=\"ProM\u00fasics Mallorca\" \/>\n<meta property=\"article:publisher\" content=\"https:\/\/www.facebook.com\/promusicsmallorca\" \/>\n<meta property=\"article:published_time\" content=\"2020-06-12T11:05:04+00:00\" \/>\n<meta property=\"article:modified_time\" content=\"2020-07-20T23:20:23+00:00\" \/>\n<meta property=\"og:image\" content=\"https:\/\/i0.wp.com\/www.promusicsmallorca.org\/wp-content\/uploads\/2020\/06\/Anotaci\u00f3n-2020-06-27-195257-1.jpg?fit=498%2C334&#038;ssl=1\" \/>\n\t<meta property=\"og:image:width\" content=\"498\" \/>\n\t<meta property=\"og:image:height\" content=\"334\" \/>\n<meta name=\"twitter:card\" content=\"summary_large_image\" \/>\n<meta name=\"twitter:label1\" content=\"Tiempo de lectura\">\n\t<meta name=\"twitter:data1\" content=\"2 minutos\">\n<script type=\"application\/ld+json\" class=\"yoast-schema-graph\">{\"@context\":\"https:\/\/schema.org\",\"@graph\":[{\"@type\":\"Organization\",\"@id\":\"https:\/\/www.promusicsmallorca.org\/#organization\",\"name\":\"ProM\\u00fasics Mallorca\",\"url\":\"https:\/\/www.promusicsmallorca.org\/\",\"sameAs\":[\"https:\/\/www.facebook.com\/promusicsmallorca\",\"https:\/\/www.instagram.com\/promusicsmallorca\/\",\"https:\/\/www.youtube.com\/channel\/UCWwttYA4JPovS2RZiGlHgpA\"],\"logo\":{\"@type\":\"ImageObject\",\"@id\":\"https:\/\/www.promusicsmallorca.org\/#logo\",\"inLanguage\":\"es\",\"url\":\"https:\/\/i0.wp.com\/www.promusicsmallorca.org\/wp-content\/uploads\/2021\/02\/image0.png?fit=10224%2C7725&ssl=1\",\"width\":10224,\"height\":7725,\"caption\":\"ProM\\u00fasics Mallorca\"},\"image\":{\"@id\":\"https:\/\/www.promusicsmallorca.org\/#logo\"}},{\"@type\":\"WebSite\",\"@id\":\"https:\/\/www.promusicsmallorca.org\/#website\",\"url\":\"https:\/\/www.promusicsmallorca.org\/\",\"name\":\"ProM\\u00fasics Mallorca\",\"description\":\"Associaci\\u00f3 de Professionals de la M\\u00fasica de Mallorca\",\"publisher\":{\"@id\":\"https:\/\/www.promusicsmallorca.org\/#organization\"},\"potentialAction\":[{\"@type\":\"SearchAction\",\"target\":\"https:\/\/www.promusicsmallorca.org\/?s={search_term_string}\",\"query-input\":\"required name=search_term_string\"}],\"inLanguage\":\"es\"},{\"@type\":\"ImageObject\",\"@id\":\"https:\/\/www.promusicsmallorca.org\/es\/nace-la-asociacion-de-musicos-profesionales-de-mallorca\/#primaryimage\",\"inLanguage\":\"es\",\"url\":\"https:\/\/i0.wp.com\/www.promusicsmallorca.org\/wp-content\/uploads\/2020\/06\/Anotaci\\u00f3n-2020-06-27-195257-1.jpg?fit=498%2C334&ssl=1\",\"width\":498,\"height\":334},{\"@type\":\"WebPage\",\"@id\":\"https:\/\/www.promusicsmallorca.org\/es\/nace-la-asociacion-de-musicos-profesionales-de-mallorca\/#webpage\",\"url\":\"https:\/\/www.promusicsmallorca.org\/es\/nace-la-asociacion-de-musicos-profesionales-de-mallorca\/\",\"name\":\"Nace la Asociaci\\u00f3n de M\\u00fasicos Profesionales de Mallorca - ProM\\u00fasics Mallorca\",\"isPartOf\":{\"@id\":\"https:\/\/www.promusicsmallorca.org\/#website\"},\"primaryImageOfPage\":{\"@id\":\"https:\/\/www.promusicsmallorca.org\/es\/nace-la-asociacion-de-musicos-profesionales-de-mallorca\/#primaryimage\"},\"datePublished\":\"2020-06-12T11:05:04+00:00\",\"dateModified\":\"2020-07-20T23:20:23+00:00\",\"inLanguage\":\"es\",\"potentialAction\":[{\"@type\":\"ReadAction\",\"target\":[\"https:\/\/www.promusicsmallorca.org\/es\/nace-la-asociacion-de-musicos-profesionales-de-mallorca\/\"]}]},{\"@type\":\"Article\",\"@id\":\"https:\/\/www.promusicsmallorca.org\/es\/nace-la-asociacion-de-musicos-profesionales-de-mallorca\/#article\",\"isPartOf\":{\"@id\":\"https:\/\/www.promusicsmallorca.org\/es\/nace-la-asociacion-de-musicos-profesionales-de-mallorca\/#webpage\"},\"author\":{\"@id\":\"https:\/\/www.promusicsmallorca.org\/#\/schema\/person\/052ee353e708e1baf72faedb6ed32589\"},\"headline\":\"Nace la Asociaci\\u00f3n de M\\u00fasicos Profesionales de Mallorca\",\"datePublished\":\"2020-06-12T11:05:04+00:00\",\"dateModified\":\"2020-07-20T23:20:23+00:00\",\"mainEntityOfPage\":{\"@id\":\"https:\/\/www.promusicsmallorca.org\/es\/nace-la-asociacion-de-musicos-profesionales-de-mallorca\/#webpage\"},\"publisher\":{\"@id\":\"https:\/\/www.promusicsmallorca.org\/#organization\"},\"image\":{\"@id\":\"https:\/\/www.promusicsmallorca.org\/es\/nace-la-asociacion-de-musicos-profesionales-de-mallorca\/#primaryimage\"},\"articleSection\":\"Noticias\",\"inLanguage\":\"es\"},{\"@type\":\"Person\",\"@id\":\"https:\/\/www.promusicsmallorca.org\/#\/schema\/person\/052ee353e708e1baf72faedb6ed32589\",\"name\":\"ProM\\u00fasics\",\"sameAs\":[\"https:\/\/www.promusicsmallorca.org\"]}]}<\/script>\n<!-- \/ Yoast SEO Premium plugin. -->","jetpack_sharing_enabled":true,"jetpack_shortlink":"https:\/\/wp.me\/pc8VbC-1","_links":{"self":[{"href":"https:\/\/www.promusicsmallorca.org\/es\/wp-json\/wp\/v2\/posts\/1"}],"collection":[{"href":"https:\/\/www.promusicsmallorca.org\/es\/wp-json\/wp\/v2\/posts"}],"about":[{"href":"https:\/\/www.promusicsmallorca.org\/es\/wp-json\/wp\/v2\/types\/post"}],"author":[{"embeddable":true,"href":"https:\/\/www.promusicsmallorca.org\/es\/wp-json\/wp\/v2\/users\/1"}],"replies":[{"embeddable":true,"href":"https:\/\/www.promusicsmallorca.org\/es\/wp-json\/wp\/v2\/comments?post=1"}],"version-history":[{"count":0,"href":"https:\/\/www.promusicsmallorca.org\/es\/wp-json\/wp\/v2\/posts\/1\/revisions"}],"wp:featuredmedia":[{"embeddable":true,"href":"https:\/\/www.promusicsmallorca.org\/es\/wp-json\/wp\/v2\/media\/460"}],"wp:attachment":[{"href":"https:\/\/www.promusicsmallorca.org\/es\/wp-json\/wp\/v2\/media?parent=1"}],"wp:term":[{"taxonomy":"category","embeddable":true,"href":"https:\/\/www.promusicsmallorca.org\/es\/wp-json\/wp\/v2\/categories?post=1"},{"taxonomy":"post_tag","embeddable":true,"href":"https:\/\/www.promusicsmallorca.org\/es\/wp-json\/wp\/v2\/tags?post=1"}],"curies":[{"name":"wp","href":"https:\/\/api.w.org\/{rel}","templated":true}]}}